{"id":994,"date":"2017-02-27T14:11:48","date_gmt":"2017-02-27T13:11:48","guid":{"rendered":"http:\/\/www.attin-mairie.fr\/?p=994"},"modified":"2019-11-13T20:25:03","modified_gmt":"2019-11-13T19:25:03","slug":"plantations-darbres-au-domaine-du-chateau","status":"publish","type":"post","link":"https:\/\/www.attin-mairie.fr\/?p=994","title":{"rendered":"Plantation d&rsquo;arbres au Domaine du Ch\u00e2teau"},"content":{"rendered":"<p><a href=\"http:\/\/www.attin-mairie.fr\/wp-content\/uploads\/2017\/02\/IMG_0447.jpg\" rel=\"attachment wp-att-996\"><img fetchpriority=\"high\" decoding=\"async\" class=\"aligncenter size-large wp-image-996\" src=\"http:\/\/www.attin-mairie.fr\/wp-content\/uploads\/2017\/02\/IMG_0447-1024x683.jpg\" alt=\"IMG_0447\" width=\"604\" height=\"403\"><\/a><\/p>\n<h5>&nbsp;<\/h5>\n<p><em>Mardi dernier, la commune a d\u00e9cid\u00e9 d&rsquo;implanter des arbres fruitiers dans les quartiers du Domaine du Ch\u00e2teau dans le but d&rsquo;am\u00e9liorer son espace vert.<\/em><\/p>\n<p><em>D&rsquo;autres plantations sont \u00e0 pr\u00e9voir \u00e0 Attin dans peu de temps.<\/em><\/p>\n<p>&nbsp;<\/p>\n<p><em><strong>Article publi\u00e9 le 27\/02\/2017<\/strong><\/em><\/p>\n","protected":false},"excerpt":{"rendered":"<p>&nbsp; Mardi dernier, la commune a d\u00e9cid\u00e9 d&rsquo;implanter des arbres fruitiers dans les quartiers du Domaine du Ch\u00e2teau dans le but d&rsquo;am\u00e9liorer son espace vert. D&rsquo;autres plantations sont \u00e0 pr\u00e9voir \u00e0 Attin dans peu de temps. &nbsp; Article publi\u00e9 le 27\/02\/2017<\/p>\n","protected":false},"author":2,"featured_media":996,"comment_status":"closed","ping_status":"open","sticky":false,"template":"","format":"standard","meta":{"ngg_post_thumbnail":0,"footnotes":""},"categories":[1],"tags":[],"class_list":["post-994","post","type-post","status-publish","format-standard","has-post-thumbnail","hentry","category-non-classe"],"_links":{"self":[{"href":"https:\/\/www.attin-mairie.fr\/index.php?rest_route=\/wp\/v2\/posts\/994","targetHints":{"allow":["GET"]}}],"collection":[{"href":"https:\/\/www.attin-mairie.fr\/index.php?rest_route=\/wp\/v2\/posts"}],"about":[{"href":"https:\/\/www.attin-mairie.fr\/index.php?rest_route=\/wp\/v2\/types\/post"}],"author":[{"embeddable":true,"href":"https:\/\/www.attin-mairie.fr\/index.php?rest_route=\/wp\/v2\/users\/2"}],"replies":[{"embeddable":true,"href":"https:\/\/www.attin-mairie.fr\/index.php?rest_route=%2Fwp%2Fv2%2Fcomments&post=994"}],"version-history":[{"count":7,"href":"https:\/\/www.attin-mairie.fr\/index.php?rest_route=\/wp\/v2\/posts\/994\/revisions"}],"predecessor-version":[{"id":2021,"href":"https:\/\/www.attin-mairie.fr\/index.php?rest_route=\/wp\/v2\/posts\/994\/revisions\/2021"}],"wp:featuredmedia":[{"embeddable":true,"href":"https:\/\/www.attin-mairie.fr\/index.php?rest_route=\/wp\/v2\/media\/996"}],"wp:attachment":[{"href":"https:\/\/www.attin-mairie.fr\/index.php?rest_route=%2Fwp%2Fv2%2Fmedia&parent=994"}],"wp:term":[{"taxonomy":"category","embeddable":true,"href":"https:\/\/www.attin-mairie.fr\/index.php?rest_route=%2Fwp%2Fv2%2Fcategories&post=994"},{"taxonomy":"post_tag","embeddable":true,"href":"https:\/\/www.attin-mairie.fr\/index.php?rest_route=%2Fwp%2Fv2%2Ftags&post=994"}],"curies":[{"name":"wp","href":"https:\/\/api.w.org\/{rel}","templated":true}]}}