{"id":3139,"date":"2024-01-23T12:59:07","date_gmt":"2024-01-23T11:59:07","guid":{"rendered":"http:\/\/www.attin-mairie.fr\/?p=3139"},"modified":"2024-01-24T18:11:45","modified_gmt":"2024-01-24T17:11:45","slug":"communique-du-prefet-du-pdc-a-destination-des-sinistres","status":"publish","type":"post","link":"https:\/\/www.attin-mairie.fr\/?p=3139","title":{"rendered":"Communiqu\u00e9 du Pr\u00e9fet du PdC \u00e0 destination des sinistr\u00e9s"},"content":{"rendered":"\t\t<div data-elementor-type=\"wp-post\" data-elementor-id=\"3139\" class=\"elementor elementor-3139\">\n\t\t\t\t\t\t<section class=\"elementor-section elementor-top-section elementor-element elementor-element-7957d801 elementor-section-boxed elementor-section-height-default elementor-section-height-default\" data-id=\"7957d801\" data-element_type=\"section\" data-e-type=\"section\">\n\t\t\t\t\t\t<div class=\"elementor-container elementor-column-gap-default\">\n\t\t\t\t\t<div class=\"elementor-column elementor-col-100 elementor-top-column elementor-element elementor-element-25cffbab\" data-id=\"25cffbab\" data-element_type=\"column\" data-e-type=\"column\">\n\t\t\t<div class=\"elementor-widget-wrap elementor-element-populated\">\n\t\t\t\t\t\t<div class=\"elementor-element elementor-element-714bec02 elementor-widget elementor-widget-text-editor\" data-id=\"714bec02\" data-element_type=\"widget\" data-e-type=\"widget\" data-widget_type=\"text-editor.default\">\n\t\t\t\t<div class=\"elementor-widget-container\">\n\t\t\t\t\t\t\t\t\t<p>Le Pr\u00e9fet du Pas-de-Calais a transmis \u00e0 la commune le communiqu\u00e9 ci-apr\u00e8s.\u00a0 <\/p><p><a href=\"http:\/\/www.attin-mairie.fr\/wp-content\/uploads\/2024\/01\/Courrier-PFT-FS-inondations-19-01-2024.pdf\">Courrier PFT FS inondations 19-01-2024<\/a><\/p><p>Son objet est l&rsquo;accompagnement des structures France Services aupr\u00e8s des sinistr\u00e9s des inondations du d\u00e9partement, avec communication des dispositifs et points de contacts existants, comme par exemple l&rsquo;antenne r\u00e9gionale des Hauts-de-France : 5 rue Saint Gengoult, 62170 Montreuil-sur-mer. antenne-montreuil-sur-mer@hautsdefrance.fr Tel 0374278111<\/p><p>\u00a0<\/p>\t\t\t\t\t\t\t\t<\/div>\n\t\t\t\t<\/div>\n\t\t\t\t\t<\/div>\n\t\t<\/div>\n\t\t\t\t\t<\/div>\n\t\t<\/section>\n\t\t\t\t<\/div>\n\t\t","protected":false},"excerpt":{"rendered":"<p>Le Pr\u00e9fet du Pas-de-Calais a transmis \u00e0 la commune le communiqu\u00e9 ci-apr\u00e8s.\u00a0 Courrier PFT FS inondations 19-01-2024 Son objet est l&rsquo;accompagnement des structures France Services aupr\u00e8s des sinistr\u00e9s des inondations du d\u00e9partement, avec communication des dispositifs et points de contacts existants, comme par exemple l&rsquo;antenne r\u00e9gionale des Hauts-de-France : 5 rue Saint Gengoult, 62170 Montreuil-sur-mer. [&hellip;]<\/p>\n","protected":false},"author":1,"featured_media":0,"comment_status":"closed","ping_status":"open","sticky":false,"template":"","format":"standard","meta":{"ngg_post_thumbnail":0,"footnotes":""},"categories":[1],"tags":[],"class_list":["post-3139","post","type-post","status-publish","format-standard","hentry","category-non-classe"],"_links":{"self":[{"href":"https:\/\/www.attin-mairie.fr\/index.php?rest_route=\/wp\/v2\/posts\/3139","targetHints":{"allow":["GET"]}}],"collection":[{"href":"https:\/\/www.attin-mairie.fr\/index.php?rest_route=\/wp\/v2\/posts"}],"about":[{"href":"https:\/\/www.attin-mairie.fr\/index.php?rest_route=\/wp\/v2\/types\/post"}],"author":[{"embeddable":true,"href":"https:\/\/www.attin-mairie.fr\/index.php?rest_route=\/wp\/v2\/users\/1"}],"replies":[{"embeddable":true,"href":"https:\/\/www.attin-mairie.fr\/index.php?rest_route=%2Fwp%2Fv2%2Fcomments&post=3139"}],"version-history":[{"count":2,"href":"https:\/\/www.attin-mairie.fr\/index.php?rest_route=\/wp\/v2\/posts\/3139\/revisions"}],"predecessor-version":[{"id":3148,"href":"https:\/\/www.attin-mairie.fr\/index.php?rest_route=\/wp\/v2\/posts\/3139\/revisions\/3148"}],"wp:attachment":[{"href":"https:\/\/www.attin-mairie.fr\/index.php?rest_route=%2Fwp%2Fv2%2Fmedia&parent=3139"}],"wp:term":[{"taxonomy":"category","embeddable":true,"href":"https:\/\/www.attin-mairie.fr\/index.php?rest_route=%2Fwp%2Fv2%2Fcategories&post=3139"},{"taxonomy":"post_tag","embeddable":true,"href":"https:\/\/www.attin-mairie.fr\/index.php?rest_route=%2Fwp%2Fv2%2Ftags&post=3139"}],"curies":[{"name":"wp","href":"https:\/\/api.w.org\/{rel}","templated":true}]}}