{"id":3130,"date":"2023-11-29T16:25:36","date_gmt":"2023-11-29T15:25:36","guid":{"rendered":"http:\/\/www.attin-mairie.fr\/?p=3130"},"modified":"2023-11-29T16:25:36","modified_gmt":"2023-11-29T15:25:36","slug":"les-22-eleves-de-maternelle-de-la-caloterie-accueillis-a-lecole-dattin","status":"publish","type":"post","link":"https:\/\/www.attin-mairie.fr\/?p=3130","title":{"rendered":"Les 22 \u00e9l\u00e8ves de maternelle de La Caloterie accueillis \u00e0 l&rsquo;\u00e9cole d&rsquo;Attin"},"content":{"rendered":"<p><a href=\"http:\/\/www.attin-mairie.fr\/wp-content\/uploads\/2023\/11\/maternelle-caloterie.jpg\"><img decoding=\"async\" class=\"alignleft size-thumbnail wp-image-3131\" src=\"http:\/\/www.attin-mairie.fr\/wp-content\/uploads\/2023\/11\/maternelle-caloterie-150x150.jpg\" alt=\"\" width=\"150\" height=\"150\" srcset=\"https:\/\/www.attin-mairie.fr\/wp-content\/uploads\/2023\/11\/maternelle-caloterie-150x150.jpg 150w, https:\/\/www.attin-mairie.fr\/wp-content\/uploads\/2023\/11\/maternelle-caloterie-590x590.jpg 590w\" sizes=\"(max-width: 150px) 100vw, 150px\" \/><\/a>Depuis le lundi 27 novembre, les 22 \u00e9l\u00e8ves de maternelle du RPI de La Caloterie, qui n&rsquo;avaient plus eu classe depuis trois semaines \u00e0 cause des inondations qui ont touch\u00e9 la commune, ont \u00e9t\u00e9 accueillis \u00e0 l&rsquo;\u00e9cole d&rsquo;Attin. La salle de motricit\u00e9 et la petite salle de garderie situ\u00e9s au sous-sol de la salle polyvalente font office de classe pour les enfants qui se sont tr\u00e8s vite adapt\u00e9s \u00e0 leur nouveau lieu scolaire. Leur ma\u00eetresse, Mme Lepr\u00eatre Lambreth, a soulign\u00e9 l&rsquo;importance de cet accueil. \u00ab\u00a0Les enfants avaient besoin de retrouver leur rythme scolaire, d&rsquo;autant qu&rsquo;avant ces trois semaines d&rsquo;interruption forc\u00e9e, il y avait eu d\u00e9j\u00e0 les deux semaines de vacances de la Toussaint.\u00a0\u00bb<\/p>\n<p>&nbsp;<\/p>\n","protected":false},"excerpt":{"rendered":"<p>Depuis le lundi 27 novembre, les 22 \u00e9l\u00e8ves de maternelle du RPI de La Caloterie, qui n&rsquo;avaient plus eu classe depuis trois semaines \u00e0 cause des inondations qui ont touch\u00e9 la commune, ont \u00e9t\u00e9 accueillis \u00e0 l&rsquo;\u00e9cole d&rsquo;Attin. La salle de motricit\u00e9 et la petite salle de garderie situ\u00e9s au sous-sol de la salle polyvalente [&hellip;]<\/p>\n","protected":false},"author":1,"featured_media":3131,"comment_status":"closed","ping_status":"open","sticky":false,"template":"","format":"standard","meta":{"ngg_post_thumbnail":0,"footnotes":""},"categories":[1],"tags":[],"class_list":["post-3130","post","type-post","status-publish","format-standard","has-post-thumbnail","hentry","category-non-classe"],"_links":{"self":[{"href":"https:\/\/www.attin-mairie.fr\/index.php?rest_route=\/wp\/v2\/posts\/3130","targetHints":{"allow":["GET"]}}],"collection":[{"href":"https:\/\/www.attin-mairie.fr\/index.php?rest_route=\/wp\/v2\/posts"}],"about":[{"href":"https:\/\/www.attin-mairie.fr\/index.php?rest_route=\/wp\/v2\/types\/post"}],"author":[{"embeddable":true,"href":"https:\/\/www.attin-mairie.fr\/index.php?rest_route=\/wp\/v2\/users\/1"}],"replies":[{"embeddable":true,"href":"https:\/\/www.attin-mairie.fr\/index.php?rest_route=%2Fwp%2Fv2%2Fcomments&post=3130"}],"version-history":[{"count":2,"href":"https:\/\/www.attin-mairie.fr\/index.php?rest_route=\/wp\/v2\/posts\/3130\/revisions"}],"predecessor-version":[{"id":3133,"href":"https:\/\/www.attin-mairie.fr\/index.php?rest_route=\/wp\/v2\/posts\/3130\/revisions\/3133"}],"wp:featuredmedia":[{"embeddable":true,"href":"https:\/\/www.attin-mairie.fr\/index.php?rest_route=\/wp\/v2\/media\/3131"}],"wp:attachment":[{"href":"https:\/\/www.attin-mairie.fr\/index.php?rest_route=%2Fwp%2Fv2%2Fmedia&parent=3130"}],"wp:term":[{"taxonomy":"category","embeddable":true,"href":"https:\/\/www.attin-mairie.fr\/index.php?rest_route=%2Fwp%2Fv2%2Fcategories&post=3130"},{"taxonomy":"post_tag","embeddable":true,"href":"https:\/\/www.attin-mairie.fr\/index.php?rest_route=%2Fwp%2Fv2%2Ftags&post=3130"}],"curies":[{"name":"wp","href":"https:\/\/api.w.org\/{rel}","templated":true}]}}