{"id":3125,"date":"2023-11-24T19:00:03","date_gmt":"2023-11-24T18:00:03","guid":{"rendered":"http:\/\/www.attin-mairie.fr\/?p=3125"},"modified":"2023-11-24T19:00:03","modified_gmt":"2023-11-24T18:00:03","slug":"reouverture-imminente-de-la-rd-901-reliant-attin-a-neuville-sous-montreuil","status":"publish","type":"post","link":"https:\/\/www.attin-mairie.fr\/?p=3125","title":{"rendered":"R\u00e9ouverture imminente de la RD 901 reliant Attin \u00e0 Neuville sous Montreuil"},"content":{"rendered":"<p>En concertation avec la commune d\u2019Attin et de Neuville Sous Montreuil, les services du D\u00e9partement ont proc\u00e9d\u00e9 \u00e0 quelques saillies sur les petits talus longeant la route d\u00e9partementale 901, entre les deux communes. Cette intervention, sans incidence pour les communes avoisinantes, devrait permettre de rouvrir \u00e0 la circulation cet axe tr\u00e8s fr\u00e9quent\u00e9 d\u2019ici demain dimanche, ou apr\u00e8s-demain, en fonction de l\u2019\u00e9volution de la d\u00e9crue sur la chauss\u00e9e. Cependant, dans un premier temps, la circulation devrait seulement \u00eatre altern\u00e9e avant un retour \u00e0 la normale. &nbsp;<\/p>\n","protected":false},"excerpt":{"rendered":"<p>En concertation avec la commune d\u2019Attin et de Neuville Sous Montreuil, les services du D\u00e9partement ont proc\u00e9d\u00e9 \u00e0 quelques saillies sur les petits talus longeant la route d\u00e9partementale 901, entre les deux communes. Cette intervention, sans incidence pour les communes avoisinantes, devrait permettre de rouvrir \u00e0 la circulation cet axe tr\u00e8s fr\u00e9quent\u00e9 d\u2019ici demain dimanche, [&hellip;]<\/p>\n","protected":false},"author":1,"featured_media":3126,"comment_status":"closed","ping_status":"open","sticky":false,"template":"","format":"standard","meta":{"ngg_post_thumbnail":0,"footnotes":""},"categories":[1],"tags":[],"class_list":["post-3125","post","type-post","status-publish","format-standard","has-post-thumbnail","hentry","category-non-classe"],"_links":{"self":[{"href":"https:\/\/www.attin-mairie.fr\/index.php?rest_route=\/wp\/v2\/posts\/3125","targetHints":{"allow":["GET"]}}],"collection":[{"href":"https:\/\/www.attin-mairie.fr\/index.php?rest_route=\/wp\/v2\/posts"}],"about":[{"href":"https:\/\/www.attin-mairie.fr\/index.php?rest_route=\/wp\/v2\/types\/post"}],"author":[{"embeddable":true,"href":"https:\/\/www.attin-mairie.fr\/index.php?rest_route=\/wp\/v2\/users\/1"}],"replies":[{"embeddable":true,"href":"https:\/\/www.attin-mairie.fr\/index.php?rest_route=%2Fwp%2Fv2%2Fcomments&post=3125"}],"version-history":[{"count":1,"href":"https:\/\/www.attin-mairie.fr\/index.php?rest_route=\/wp\/v2\/posts\/3125\/revisions"}],"predecessor-version":[{"id":3127,"href":"https:\/\/www.attin-mairie.fr\/index.php?rest_route=\/wp\/v2\/posts\/3125\/revisions\/3127"}],"wp:featuredmedia":[{"embeddable":true,"href":"https:\/\/www.attin-mairie.fr\/index.php?rest_route=\/wp\/v2\/media\/3126"}],"wp:attachment":[{"href":"https:\/\/www.attin-mairie.fr\/index.php?rest_route=%2Fwp%2Fv2%2Fmedia&parent=3125"}],"wp:term":[{"taxonomy":"category","embeddable":true,"href":"https:\/\/www.attin-mairie.fr\/index.php?rest_route=%2Fwp%2Fv2%2Fcategories&post=3125"},{"taxonomy":"post_tag","embeddable":true,"href":"https:\/\/www.attin-mairie.fr\/index.php?rest_route=%2Fwp%2Fv2%2Ftags&post=3125"}],"curies":[{"name":"wp","href":"https:\/\/api.w.org\/{rel}","templated":true}]}}