{"id":3103,"date":"2023-11-24T16:36:38","date_gmt":"2023-11-24T15:36:38","guid":{"rendered":"http:\/\/www.attin-mairie.fr\/?p=3103"},"modified":"2023-11-24T16:36:38","modified_gmt":"2023-11-24T15:36:38","slug":"la-commune-et-le-ccas-dattin-se-mobilisent-pour-informer-au-mieux-les-sinistres","status":"publish","type":"post","link":"https:\/\/www.attin-mairie.fr\/?p=3103","title":{"rendered":"La commune et le CCAS d&rsquo;Attin se mobilisent pour informer au mieux les sinistr\u00e9s"},"content":{"rendered":"<p>La Mairie et le CCAS souhaitent vous communiquer diff\u00e9rentes informations qui pourraient vous \u00eatre utiles pour faire face \u00e0 la situation li\u00e9e aux inondations<\/p>\n<ul>\n<li><strong>&nbsp;D\u00e9ploiement d\u2019une cellule d\u2019appui aux sinistr\u00e9s<\/strong><br \/>\nFrance Victimes a mis en \u0153uvre une cellule d\u2019appui.<br \/>\nJoignable par mail (<a href=\"mailto:aide.sinistres62@france-victimes.fr\">aide.sinistres62@france-victimes.fr<\/a> ) ou par t\u00e9l\u00e9phone (<strong>01 41 83 42 25<\/strong> \u2013 num\u00e9ro non surtax\u00e9) 7J\/7 de 9h \u00e0 20h.<br \/>\nCette cellule compos\u00e9e de travailleurs sociaux, de juristes et de psychologues, propose une \u00e9coute et une aide accessible \u00e0 l\u2019ensemble des sinistr\u00e9s du d\u00e9partement confront\u00e9s \u00e0 des inondations :<br \/>\n\u2022 Accompagnement dans les d\u00e9marches juridiques administratives (assurances, expertises,\u2026).<br \/>\n\u2022 Mobilisation sociale (information sur le relogement, aide mat\u00e9rielle, \u2026).<br \/>\n\u2022 Proposition d\u2019un soutien psychologique.<\/li>\n<li><\/li>\n<li>Le ministre de l&rsquo;\u00e9conomie, des finances et de la souverainet\u00e9 industrielle et num\u00e9rique de la France, Monsieur Bruno LEMAIRE, a pris plusieurs engagements&nbsp;concernant les assurances des dommages occasionn\u00e9s par les intemp\u00e9ries&nbsp;:<br \/>\n&#8211; toutes les expertises doivent \u00eatre r\u00e9alis\u00e9es avant le 04 d\u00e9cembre 2023,<br \/>\n&#8211; les assurances devront verser rapidement une avance significative.<\/li>\n<\/ul>\n<p>&nbsp;&nbsp;&nbsp;&nbsp;&nbsp;&nbsp;&nbsp;&nbsp;&nbsp;&nbsp;&nbsp;&nbsp; Nous vous remercions de nous signaler tout retard dans la date d\u2019expertise ou dans le versement de l\u2019avance qui aurait \u00e9t\u00e9 port\u00e9 \u00e0 votre connaissance.<\/p>\n<ul>\n<li>Besoin d\u2019aide pour vider ou nettoyer votre maison ou d\u00e9pendances&nbsp;; contacter le r\u00e9seau de soutien aux populations de la Protection Civile <strong>74.20.03.07 adresse mail (<a href=\"mailto:soutien-populations@pas-de-calais.protection-civile.org\">soutien-populations@pas-de-calais.protection-civile.org<\/a>) <\/strong>Nettoyage, pompage, tron\u00e7onnage, mise en s\u00e9curit\u00e9, protection des biens<\/li>\n<li><\/li>\n<li>Possibilit\u00e9 de se procurer des v\u00eatements, couvertures, chaussures, au Centre AIFOR d\u2019Etaples ainsi qu\u2019\u00e0 la Croix Rouge \u00e0 Montreuil Sur Mer<\/li>\n<li><\/li>\n<li>Le service social de la CAF a d\u00e9ploy\u00e9 une aide aux familles sinistr\u00e9es par les inondations sous conditions&nbsp;; pour en b\u00e9n\u00e9ficier il faut avoir des enfants \u00e0 charge (-20 ans) et percevoir au moins une allocation (aide logement, prime d\u2019activit\u00e9, RSA, allocation familiale)&nbsp;&nbsp;&nbsp;&nbsp;&nbsp;&nbsp;&nbsp;&nbsp;&nbsp;&nbsp; &nbsp;&nbsp;&nbsp;&nbsp;&nbsp;&nbsp;&nbsp;&nbsp;&nbsp;&nbsp;&nbsp;&nbsp;&nbsp;&nbsp;&nbsp;&nbsp;&nbsp;&nbsp;&nbsp;&nbsp;&nbsp;&nbsp;&nbsp;&nbsp;&nbsp;&nbsp;&nbsp;&nbsp;&nbsp;&nbsp;&nbsp;pour plus d\u2019informations, contactez le 03.21.94.04.12<\/li>\n<\/ul>\n<p>Le CCAS reste \u00e0 votre \u00e9coute&nbsp;; n\u2019h\u00e9sitez pas \u00e0 contacter la mairie au 03.21.06.01.92 ou par mail <a href=\"mailto:attin.mairie@orange.fr\">attin.mairie@orange.fr<\/a>&nbsp;; nous vous souhaitons bon courage&nbsp;!<\/p>\n","protected":false},"excerpt":{"rendered":"<p>La Mairie et le CCAS souhaitent vous communiquer diff\u00e9rentes informations qui pourraient vous \u00eatre utiles pour faire face \u00e0 la situation li\u00e9e aux inondations &nbsp;D\u00e9ploiement d\u2019une cellule d\u2019appui aux sinistr\u00e9s France Victimes a mis en \u0153uvre une cellule d\u2019appui. Joignable par mail (aide.sinistres62@france-victimes.fr ) ou par t\u00e9l\u00e9phone (01 41 83 42 25 \u2013 num\u00e9ro non [&hellip;]<\/p>\n","protected":false},"author":1,"featured_media":3104,"comment_status":"closed","ping_status":"open","sticky":false,"template":"","format":"standard","meta":{"ngg_post_thumbnail":0,"footnotes":""},"categories":[1],"tags":[],"class_list":["post-3103","post","type-post","status-publish","format-standard","has-post-thumbnail","hentry","category-non-classe"],"_links":{"self":[{"href":"https:\/\/www.attin-mairie.fr\/index.php?rest_route=\/wp\/v2\/posts\/3103","targetHints":{"allow":["GET"]}}],"collection":[{"href":"https:\/\/www.attin-mairie.fr\/index.php?rest_route=\/wp\/v2\/posts"}],"about":[{"href":"https:\/\/www.attin-mairie.fr\/index.php?rest_route=\/wp\/v2\/types\/post"}],"author":[{"embeddable":true,"href":"https:\/\/www.attin-mairie.fr\/index.php?rest_route=\/wp\/v2\/users\/1"}],"replies":[{"embeddable":true,"href":"https:\/\/www.attin-mairie.fr\/index.php?rest_route=%2Fwp%2Fv2%2Fcomments&post=3103"}],"version-history":[{"count":1,"href":"https:\/\/www.attin-mairie.fr\/index.php?rest_route=\/wp\/v2\/posts\/3103\/revisions"}],"predecessor-version":[{"id":3105,"href":"https:\/\/www.attin-mairie.fr\/index.php?rest_route=\/wp\/v2\/posts\/3103\/revisions\/3105"}],"wp:featuredmedia":[{"embeddable":true,"href":"https:\/\/www.attin-mairie.fr\/index.php?rest_route=\/wp\/v2\/media\/3104"}],"wp:attachment":[{"href":"https:\/\/www.attin-mairie.fr\/index.php?rest_route=%2Fwp%2Fv2%2Fmedia&parent=3103"}],"wp:term":[{"taxonomy":"category","embeddable":true,"href":"https:\/\/www.attin-mairie.fr\/index.php?rest_route=%2Fwp%2Fv2%2Fcategories&post=3103"},{"taxonomy":"post_tag","embeddable":true,"href":"https:\/\/www.attin-mairie.fr\/index.php?rest_route=%2Fwp%2Fv2%2Ftags&post=3103"}],"curies":[{"name":"wp","href":"https:\/\/api.w.org\/{rel}","templated":true}]}}