{"id":3077,"date":"2023-11-06T16:17:27","date_gmt":"2023-11-06T15:17:27","guid":{"rendered":"http:\/\/www.attin-mairie.fr\/?p=3077"},"modified":"2023-11-06T16:18:25","modified_gmt":"2023-11-06T15:18:25","slug":"pluies-abondantes-de-novembre-2023-communique-de-prevention","status":"publish","type":"post","link":"https:\/\/www.attin-mairie.fr\/?p=3077","title":{"rendered":"Pluies abondantes de Novembre 2023, communiqu\u00e9 de pr\u00e9vention"},"content":{"rendered":"<p><a href=\"http:\/\/www.attin-mairie.fr\/wp-content\/uploads\/2021\/02\/IMG_2277.jpg\"><img decoding=\"async\" class=\"alignleft size-thumbnail wp-image-2802\" src=\"http:\/\/www.attin-mairie.fr\/wp-content\/uploads\/2021\/02\/IMG_2277-150x150.jpg\" alt=\"\" width=\"150\" height=\"150\" srcset=\"https:\/\/www.attin-mairie.fr\/wp-content\/uploads\/2021\/02\/IMG_2277-150x150.jpg 150w, https:\/\/www.attin-mairie.fr\/wp-content\/uploads\/2021\/02\/IMG_2277-590x590.jpg 590w\" sizes=\"(max-width: 150px) 100vw, 150px\" \/><\/a>Si vous \u00eates dans un secteur touch\u00e9 ou potentiellement touch\u00e9 par les inondations, ce communiqu\u00e9 vous concerne. Il a \u00e9t\u00e9 adress\u00e9 entre autres, le lundi 6 novembre, directement aux habitants des rues du Marais, rue de la Vend\u00e9e et rue de la Moli\u00e8re.<\/p>\n<p>Photo archives<\/p>\n<p>Madame, Monsieur,<br \/>\nLes pluies importantes cumul\u00e9es ces derni\u00e8res semaines, et celles qui sont encore annonc\u00e9es pour le mois de novembre m\u2019incitent \u00e0 vous communiquer un certain nombre de recommandations pr\u00e9ventives contre les inondations. Celles-ci \u00e9manent du plan communal de sauvegarde (PCS) d\u2019Attin, \u00e9tabli selon des r\u00e8gles d\u00e9finies par les services de protection civile de la Pr\u00e9fecture du Pas-de-Calais.<br \/>\nCes conseils veillent donc \u00e0 vous informer des dispositions \u00e0 prendre en cas de crues, avant et pendant le ph\u00e9nom\u00e8ne de mont\u00e9e des eaux.<br \/>\nLe PCS, d\u2019une mani\u00e8re g\u00e9n\u00e9rale, et surtout en cas d\u2019\u00e9vacuation pr\u00e9cipit\u00e9e, indique :<br \/>\nEN CAS DE CRUES :<br \/>\n&#8211; Fermez les portes et les fen\u00eatres<br \/>\n&#8211; Coupez le gaz et l\u2019\u00e9lectricit\u00e9<br \/>\n&#8211; Mettez les produits toxiques \u00e0 l\u2019abri des eaux.<br \/>\n&#8211; Amarrez les cuves<br \/>\n&#8211; Faites une r\u00e9serve d\u2019eau potable et de nourriture<br \/>\n&#8211; Pr\u00e9voyez l\u2019\u00e9vacuation<br \/>\n&#8211; Montez dans les \u00e9tages les objets et papiers importants<br \/>\n&#8211; Conduisez les animaux d\u2019\u00e9levage sur les hauteurs.<br \/>\n&#8211; D\u00e9placez vos v\u00e9hicules vers les hauteurs de la commune<br \/>\n&#8211; Sur\u00e9levez meubles et \u00e9lectrom\u00e9nagers, et dans les remises engins motoris\u00e9s, tondeuses\u2026<\/p>\n<p>Afin d\u2019anticiper le ph\u00e9nom\u00e8ne, nous vous recommandons en outre et \u00e9galement de :<br \/>\n&#8211; Envisager, dans la mesure du possible, un h\u00e9bergement de secours, chez les amis, en famille. Si cela n\u2019est pas possible, alerter peu avant une situation critique la mairie d\u2019Attin.<br \/>\n&#8211; Pr\u00e9parer un sac avec m\u00e9dicaments, papiers importants, affaires de toilettes, v\u00eatements.<br \/>\n&#8211; Rep\u00e9rer les emplacements de bouches d\u2019\u00e9gout et autres r\u00e9seaux proches de votre habitation au cas o\u00f9 vous auriez \u00e0 vous d\u00e9placer \u00e0 pied sur une route inond\u00e9e.<br \/>\nL\u2019\u00e9quipe municipale et ses agents techniques restent \u00e0 votre disposition pour vous aider si n\u00e9cessaire.<br \/>\n<strong>N\u2019h\u00e9sitez pas \u00e0 nous contacter au 06 64 17 88 89<\/strong> (t\u00e9l\u00e9phone d\u2019astreinte).<br \/>\nLe site internet de la commune www.attin-mairie.fr vous informe par ailleurs, \u00e0 l\u2019onglet Vigicrues, de la situation des inondations sur votre secteur.<br \/>\nSentiments d\u00e9vou\u00e9s,<br \/>\nLe Maire, Philippe FOURCROY<\/p>\n","protected":false},"excerpt":{"rendered":"<p>Si vous \u00eates dans un secteur touch\u00e9 ou potentiellement touch\u00e9 par les inondations, ce communiqu\u00e9 vous concerne. Il a \u00e9t\u00e9 adress\u00e9 entre autres, le lundi 6 novembre, directement aux habitants des rues du Marais, rue de la Vend\u00e9e et rue de la Moli\u00e8re. Photo archives Madame, Monsieur, Les pluies importantes cumul\u00e9es ces derni\u00e8res semaines, et [&hellip;]<\/p>\n","protected":false},"author":1,"featured_media":2802,"comment_status":"closed","ping_status":"open","sticky":false,"template":"","format":"standard","meta":{"ngg_post_thumbnail":0,"footnotes":""},"categories":[1],"tags":[],"class_list":["post-3077","post","type-post","status-publish","format-standard","has-post-thumbnail","hentry","category-non-classe"],"_links":{"self":[{"href":"https:\/\/www.attin-mairie.fr\/index.php?rest_route=\/wp\/v2\/posts\/3077","targetHints":{"allow":["GET"]}}],"collection":[{"href":"https:\/\/www.attin-mairie.fr\/index.php?rest_route=\/wp\/v2\/posts"}],"about":[{"href":"https:\/\/www.attin-mairie.fr\/index.php?rest_route=\/wp\/v2\/types\/post"}],"author":[{"embeddable":true,"href":"https:\/\/www.attin-mairie.fr\/index.php?rest_route=\/wp\/v2\/users\/1"}],"replies":[{"embeddable":true,"href":"https:\/\/www.attin-mairie.fr\/index.php?rest_route=%2Fwp%2Fv2%2Fcomments&post=3077"}],"version-history":[{"count":2,"href":"https:\/\/www.attin-mairie.fr\/index.php?rest_route=\/wp\/v2\/posts\/3077\/revisions"}],"predecessor-version":[{"id":3079,"href":"https:\/\/www.attin-mairie.fr\/index.php?rest_route=\/wp\/v2\/posts\/3077\/revisions\/3079"}],"wp:featuredmedia":[{"embeddable":true,"href":"https:\/\/www.attin-mairie.fr\/index.php?rest_route=\/wp\/v2\/media\/2802"}],"wp:attachment":[{"href":"https:\/\/www.attin-mairie.fr\/index.php?rest_route=%2Fwp%2Fv2%2Fmedia&parent=3077"}],"wp:term":[{"taxonomy":"category","embeddable":true,"href":"https:\/\/www.attin-mairie.fr\/index.php?rest_route=%2Fwp%2Fv2%2Fcategories&post=3077"},{"taxonomy":"post_tag","embeddable":true,"href":"https:\/\/www.attin-mairie.fr\/index.php?rest_route=%2Fwp%2Fv2%2Ftags&post=3077"}],"curies":[{"name":"wp","href":"https:\/\/api.w.org\/{rel}","templated":true}]}}