{"id":3071,"date":"2023-10-29T13:01:01","date_gmt":"2023-10-29T12:01:01","guid":{"rendered":"http:\/\/www.attin-mairie.fr\/?p=3071"},"modified":"2023-10-29T13:01:01","modified_gmt":"2023-10-29T12:01:01","slug":"encore-un-beau-succes-pour-les-peintres-de-la-palette-attinoise","status":"publish","type":"post","link":"https:\/\/www.attin-mairie.fr\/?p=3071","title":{"rendered":"Encore un beau succ\u00e8s pour les peintres de la Palette attinoise"},"content":{"rendered":"<p>La palette attinoise n&rsquo;a pas manqu\u00e9 son rendez-vous annuel de la Toussaint, les 28 et 29 octobre. 39 peintres avaient r\u00e9pondu pr\u00e9sents \u00e0 l&rsquo;invitation de l&rsquo;association pr\u00e9sid\u00e9e par Marie-Jos\u00e9e Hermant.<\/p>\n<p>Forte de ce succ\u00e8s, la palette attinoise sera de nouveau pr\u00e9sente du 10 au 12 novembre \u00e0 Beaurainville pour une nouvelle exposition.<\/p>\n<p>&nbsp;<\/p>\n","protected":false},"excerpt":{"rendered":"<p>La palette attinoise n&rsquo;a pas manqu\u00e9 son rendez-vous annuel de la Toussaint, les 28 et 29 octobre. 39 peintres avaient r\u00e9pondu pr\u00e9sents \u00e0 l&rsquo;invitation de l&rsquo;association pr\u00e9sid\u00e9e par Marie-Jos\u00e9e Hermant. Forte de ce succ\u00e8s, la palette attinoise sera de nouveau pr\u00e9sente du 10 au 12 novembre \u00e0 Beaurainville pour une nouvelle exposition. &nbsp;<\/p>\n","protected":false},"author":1,"featured_media":3070,"comment_status":"closed","ping_status":"open","sticky":false,"template":"","format":"standard","meta":{"ngg_post_thumbnail":0,"footnotes":""},"categories":[1],"tags":[],"class_list":["post-3071","post","type-post","status-publish","format-standard","has-post-thumbnail","hentry","category-non-classe"],"_links":{"self":[{"href":"https:\/\/www.attin-mairie.fr\/index.php?rest_route=\/wp\/v2\/posts\/3071","targetHints":{"allow":["GET"]}}],"collection":[{"href":"https:\/\/www.attin-mairie.fr\/index.php?rest_route=\/wp\/v2\/posts"}],"about":[{"href":"https:\/\/www.attin-mairie.fr\/index.php?rest_route=\/wp\/v2\/types\/post"}],"author":[{"embeddable":true,"href":"https:\/\/www.attin-mairie.fr\/index.php?rest_route=\/wp\/v2\/users\/1"}],"replies":[{"embeddable":true,"href":"https:\/\/www.attin-mairie.fr\/index.php?rest_route=%2Fwp%2Fv2%2Fcomments&post=3071"}],"version-history":[{"count":1,"href":"https:\/\/www.attin-mairie.fr\/index.php?rest_route=\/wp\/v2\/posts\/3071\/revisions"}],"predecessor-version":[{"id":3072,"href":"https:\/\/www.attin-mairie.fr\/index.php?rest_route=\/wp\/v2\/posts\/3071\/revisions\/3072"}],"wp:featuredmedia":[{"embeddable":true,"href":"https:\/\/www.attin-mairie.fr\/index.php?rest_route=\/wp\/v2\/media\/3070"}],"wp:attachment":[{"href":"https:\/\/www.attin-mairie.fr\/index.php?rest_route=%2Fwp%2Fv2%2Fmedia&parent=3071"}],"wp:term":[{"taxonomy":"category","embeddable":true,"href":"https:\/\/www.attin-mairie.fr\/index.php?rest_route=%2Fwp%2Fv2%2Fcategories&post=3071"},{"taxonomy":"post_tag","embeddable":true,"href":"https:\/\/www.attin-mairie.fr\/index.php?rest_route=%2Fwp%2Fv2%2Ftags&post=3071"}],"curies":[{"name":"wp","href":"https:\/\/api.w.org\/{rel}","templated":true}]}}