{"id":2851,"date":"2021-05-17T12:40:57","date_gmt":"2021-05-17T11:40:57","guid":{"rendered":"http:\/\/www.attin-mairie.fr\/?p=2851"},"modified":"2021-05-17T12:40:57","modified_gmt":"2021-05-17T11:40:57","slug":"ceremonie-du-8-mai-1945","status":"publish","type":"post","link":"https:\/\/www.attin-mairie.fr\/?p=2851","title":{"rendered":"C\u00e9r\u00e9monie du 8 mai 1945"},"content":{"rendered":"<p>Depuis le d\u00e9but de la pand\u00e9mie de COVID 19, les c\u00e9r\u00e9monies comm\u00e9moratives ne peuvent avoir lieu en pr\u00e9sence de public et notamment des personnels et enfants de notre \u00e9cole.<\/p>\n<p>Cependant, nos Anciens, morts pour la France n&rsquo;ont pas \u00e9t\u00e9 oubli\u00e9s et une gerbe a \u00e9t\u00e9 d\u00e9pos\u00e9e comme chaque ann\u00e9e devant le monument. <a href=\"http:\/\/www.attin-mairie.fr\/wp-content\/uploads\/2021\/05\/IMG_20210512_094816.jpg\"><img decoding=\"async\" class=\"alignleft size-thumbnail wp-image-2848\" src=\"http:\/\/www.attin-mairie.fr\/wp-content\/uploads\/2021\/05\/IMG_20210512_094816-150x150.jpg\" alt=\"\" width=\"150\" height=\"150\" srcset=\"https:\/\/www.attin-mairie.fr\/wp-content\/uploads\/2021\/05\/IMG_20210512_094816-150x150.jpg 150w, https:\/\/www.attin-mairie.fr\/wp-content\/uploads\/2021\/05\/IMG_20210512_094816-590x590.jpg 590w\" sizes=\"(max-width: 150px) 100vw, 150px\" \/><\/a><\/p>\n","protected":false},"excerpt":{"rendered":"<p>Depuis le d\u00e9but de la pand\u00e9mie de COVID 19, les c\u00e9r\u00e9monies comm\u00e9moratives ne peuvent avoir lieu en pr\u00e9sence de public et notamment des personnels et enfants de notre \u00e9cole. Cependant, nos Anciens, morts pour la France n&rsquo;ont pas \u00e9t\u00e9 oubli\u00e9s et une gerbe a \u00e9t\u00e9 d\u00e9pos\u00e9e comme chaque ann\u00e9e devant le monument.<\/p>\n","protected":false},"author":1,"featured_media":2848,"comment_status":"closed","ping_status":"open","sticky":false,"template":"","format":"standard","meta":{"ngg_post_thumbnail":0,"footnotes":""},"categories":[1],"tags":[],"class_list":["post-2851","post","type-post","status-publish","format-standard","has-post-thumbnail","hentry","category-non-classe"],"_links":{"self":[{"href":"https:\/\/www.attin-mairie.fr\/index.php?rest_route=\/wp\/v2\/posts\/2851","targetHints":{"allow":["GET"]}}],"collection":[{"href":"https:\/\/www.attin-mairie.fr\/index.php?rest_route=\/wp\/v2\/posts"}],"about":[{"href":"https:\/\/www.attin-mairie.fr\/index.php?rest_route=\/wp\/v2\/types\/post"}],"author":[{"embeddable":true,"href":"https:\/\/www.attin-mairie.fr\/index.php?rest_route=\/wp\/v2\/users\/1"}],"replies":[{"embeddable":true,"href":"https:\/\/www.attin-mairie.fr\/index.php?rest_route=%2Fwp%2Fv2%2Fcomments&post=2851"}],"version-history":[{"count":1,"href":"https:\/\/www.attin-mairie.fr\/index.php?rest_route=\/wp\/v2\/posts\/2851\/revisions"}],"predecessor-version":[{"id":2852,"href":"https:\/\/www.attin-mairie.fr\/index.php?rest_route=\/wp\/v2\/posts\/2851\/revisions\/2852"}],"wp:featuredmedia":[{"embeddable":true,"href":"https:\/\/www.attin-mairie.fr\/index.php?rest_route=\/wp\/v2\/media\/2848"}],"wp:attachment":[{"href":"https:\/\/www.attin-mairie.fr\/index.php?rest_route=%2Fwp%2Fv2%2Fmedia&parent=2851"}],"wp:term":[{"taxonomy":"category","embeddable":true,"href":"https:\/\/www.attin-mairie.fr\/index.php?rest_route=%2Fwp%2Fv2%2Fcategories&post=2851"},{"taxonomy":"post_tag","embeddable":true,"href":"https:\/\/www.attin-mairie.fr\/index.php?rest_route=%2Fwp%2Fv2%2Ftags&post=2851"}],"curies":[{"name":"wp","href":"https:\/\/api.w.org\/{rel}","templated":true}]}}