{"id":2832,"date":"2021-03-26T17:25:10","date_gmt":"2021-03-26T16:25:10","guid":{"rendered":"http:\/\/www.attin-mairie.fr\/?p=2832"},"modified":"2021-03-26T17:25:10","modified_gmt":"2021-03-26T16:25:10","slug":"maire-dattin-durant-trente-ans-rene-bakowski-est-decede-jeudi","status":"publish","type":"post","link":"https:\/\/www.attin-mairie.fr\/?p=2832","title":{"rendered":"Maire d&rsquo;Attin durant trente ans, Ren\u00e9 Bakowski est d\u00e9c\u00e9d\u00e9 jeudi"},"content":{"rendered":"<p><a href=\"http:\/\/www.attin-mairie.fr\/wp-content\/uploads\/2021\/03\/rene-bakowski.jpg\"><img decoding=\"async\" class=\"alignleft size-thumbnail wp-image-2829\" src=\"http:\/\/www.attin-mairie.fr\/wp-content\/uploads\/2021\/03\/rene-bakowski-150x150.jpg\" alt=\"\" width=\"150\" height=\"150\" srcset=\"https:\/\/www.attin-mairie.fr\/wp-content\/uploads\/2021\/03\/rene-bakowski-150x150.jpg 150w, https:\/\/www.attin-mairie.fr\/wp-content\/uploads\/2021\/03\/rene-bakowski-590x590.jpg 590w\" sizes=\"(max-width: 150px) 100vw, 150px\" \/><\/a>Ren\u00e9 Bakowski fut \u00e9lu au poste de premier magistrat, il y a cinquante ans jour pour jour, le 26 mars 1971,&nbsp; succ\u00e9dant \u00e0 M. Victor Lengagne. Il sera r\u00e9\u00e9lu quatre fois avant d&rsquo;\u00eatre contraint de laisser sa place aux \u00e9lections municipales de 2001 \u00e0 Jean-Paul Charlemagne.<\/p>\n<p>C&rsquo;est durant ses mandats que sera implant\u00e9 le supermarch\u00e9 Leclerc sur un des terrains de ce qui s&rsquo;appelait alors le District de Montreuil-sur-mer o\u00f9 il si\u00e9geait, battant souvent le fer avec Bernard Pion, maire de Montreuil. Il est aussi \u00e0 l&rsquo;origine de la cr\u00e9ation de la salle polyvalente qui porte aujourd&rsquo;hui le nom d&rsquo;un de ses fid\u00e8les adjoints Paul Dupuich. Il \u00e9tait \u00e9galement attach\u00e9 au d\u00e9veloppement de l&rsquo;\u00e9cole. Le quartier des Cronquelets puis des Rideaux, accueillant des logements \u00e0 caract\u00e8re social&nbsp; sont sortis de terre durant \u00e9galement l&rsquo;un de ses mandats dans les ann\u00e9es 80\/90. Pr\u00e9occup\u00e9 des probl\u00e8mes li\u00e9s \u00e0 l&rsquo;eau, il fut aussi le premier pr\u00e9sident du Syndicat de la basse vall\u00e9e de la Canche.<\/p>\n<p>La commune d&rsquo;Attin salue aujourd&rsquo;hui la m\u00e9moire d&rsquo;un de ses fid\u00e8les serviteurs.<\/p>\n<p>&nbsp;<\/p>\n","protected":false},"excerpt":{"rendered":"<p>Ren\u00e9 Bakowski fut \u00e9lu au poste de premier magistrat, il y a cinquante ans jour pour jour, le 26 mars 1971,&nbsp; succ\u00e9dant \u00e0 M. Victor Lengagne. Il sera r\u00e9\u00e9lu quatre fois avant d&rsquo;\u00eatre contraint de laisser sa place aux \u00e9lections municipales de 2001 \u00e0 Jean-Paul Charlemagne. C&rsquo;est durant ses mandats que sera implant\u00e9 le supermarch\u00e9 [&hellip;]<\/p>\n","protected":false},"author":1,"featured_media":2829,"comment_status":"closed","ping_status":"open","sticky":false,"template":"","format":"standard","meta":{"ngg_post_thumbnail":0,"footnotes":""},"categories":[1],"tags":[],"class_list":["post-2832","post","type-post","status-publish","format-standard","has-post-thumbnail","hentry","category-non-classe"],"_links":{"self":[{"href":"https:\/\/www.attin-mairie.fr\/index.php?rest_route=\/wp\/v2\/posts\/2832","targetHints":{"allow":["GET"]}}],"collection":[{"href":"https:\/\/www.attin-mairie.fr\/index.php?rest_route=\/wp\/v2\/posts"}],"about":[{"href":"https:\/\/www.attin-mairie.fr\/index.php?rest_route=\/wp\/v2\/types\/post"}],"author":[{"embeddable":true,"href":"https:\/\/www.attin-mairie.fr\/index.php?rest_route=\/wp\/v2\/users\/1"}],"replies":[{"embeddable":true,"href":"https:\/\/www.attin-mairie.fr\/index.php?rest_route=%2Fwp%2Fv2%2Fcomments&post=2832"}],"version-history":[{"count":1,"href":"https:\/\/www.attin-mairie.fr\/index.php?rest_route=\/wp\/v2\/posts\/2832\/revisions"}],"predecessor-version":[{"id":2833,"href":"https:\/\/www.attin-mairie.fr\/index.php?rest_route=\/wp\/v2\/posts\/2832\/revisions\/2833"}],"wp:featuredmedia":[{"embeddable":true,"href":"https:\/\/www.attin-mairie.fr\/index.php?rest_route=\/wp\/v2\/media\/2829"}],"wp:attachment":[{"href":"https:\/\/www.attin-mairie.fr\/index.php?rest_route=%2Fwp%2Fv2%2Fmedia&parent=2832"}],"wp:term":[{"taxonomy":"category","embeddable":true,"href":"https:\/\/www.attin-mairie.fr\/index.php?rest_route=%2Fwp%2Fv2%2Fcategories&post=2832"},{"taxonomy":"post_tag","embeddable":true,"href":"https:\/\/www.attin-mairie.fr\/index.php?rest_route=%2Fwp%2Fv2%2Ftags&post=2832"}],"curies":[{"name":"wp","href":"https:\/\/api.w.org\/{rel}","templated":true}]}}