{"id":2827,"date":"2021-03-26T13:51:56","date_gmt":"2021-03-26T12:51:56","guid":{"rendered":"http:\/\/www.attin-mairie.fr\/?p=2827"},"modified":"2021-03-26T13:52:42","modified_gmt":"2021-03-26T12:52:42","slug":"rene-bakowski-ancien-maire-dattin-sest-eteint-ce-jeudi-25-mars-2021","status":"publish","type":"post","link":"https:\/\/www.attin-mairie.fr\/?p=2827","title":{"rendered":"Ren\u00e9 Bakowski, ancien maire d&rsquo;Attin s&rsquo;est \u00e9teint ce jeudi 25 mars 2021"},"content":{"rendered":"<p><a href=\"http:\/\/www.attin-mairie.fr\/wp-content\/uploads\/2021\/03\/rene-bakowski.jpg\"><img decoding=\"async\" class=\"alignleft size-thumbnail wp-image-2829\" src=\"http:\/\/www.attin-mairie.fr\/wp-content\/uploads\/2021\/03\/rene-bakowski-150x150.jpg\" alt=\"\" width=\"150\" height=\"150\" srcset=\"https:\/\/www.attin-mairie.fr\/wp-content\/uploads\/2021\/03\/rene-bakowski-150x150.jpg 150w, https:\/\/www.attin-mairie.fr\/wp-content\/uploads\/2021\/03\/rene-bakowski-590x590.jpg 590w\" sizes=\"(max-width: 150px) 100vw, 150px\" \/><\/a>Nous reviendrons dans un tout prochain article sur le parcours de celui qui fut premier magistrat de la commune jusqu&rsquo;en 2001.<\/p>\n<p>Dans l&rsquo;attente, la municipalit\u00e9 et l&rsquo;ensemble du conseil municipal d&rsquo;Attin adresse leurs plus sinc\u00e8res condol\u00e9ances \u00e0 son \u00e9pouse, ses enfants et toute sa famille.<\/p>\n","protected":false},"excerpt":{"rendered":"<p>Nous reviendrons dans un tout prochain article sur le parcours de celui qui fut premier magistrat de la commune jusqu&rsquo;en 2001. Dans l&rsquo;attente, la municipalit\u00e9 et l&rsquo;ensemble du conseil municipal d&rsquo;Attin adresse leurs plus sinc\u00e8res condol\u00e9ances \u00e0 son \u00e9pouse, ses enfants et toute sa famille.<\/p>\n","protected":false},"author":1,"featured_media":2829,"comment_status":"closed","ping_status":"open","sticky":false,"template":"","format":"standard","meta":{"ngg_post_thumbnail":0,"footnotes":""},"categories":[1],"tags":[],"class_list":["post-2827","post","type-post","status-publish","format-standard","has-post-thumbnail","hentry","category-non-classe"],"_links":{"self":[{"href":"https:\/\/www.attin-mairie.fr\/index.php?rest_route=\/wp\/v2\/posts\/2827","targetHints":{"allow":["GET"]}}],"collection":[{"href":"https:\/\/www.attin-mairie.fr\/index.php?rest_route=\/wp\/v2\/posts"}],"about":[{"href":"https:\/\/www.attin-mairie.fr\/index.php?rest_route=\/wp\/v2\/types\/post"}],"author":[{"embeddable":true,"href":"https:\/\/www.attin-mairie.fr\/index.php?rest_route=\/wp\/v2\/users\/1"}],"replies":[{"embeddable":true,"href":"https:\/\/www.attin-mairie.fr\/index.php?rest_route=%2Fwp%2Fv2%2Fcomments&post=2827"}],"version-history":[{"count":2,"href":"https:\/\/www.attin-mairie.fr\/index.php?rest_route=\/wp\/v2\/posts\/2827\/revisions"}],"predecessor-version":[{"id":2831,"href":"https:\/\/www.attin-mairie.fr\/index.php?rest_route=\/wp\/v2\/posts\/2827\/revisions\/2831"}],"wp:featuredmedia":[{"embeddable":true,"href":"https:\/\/www.attin-mairie.fr\/index.php?rest_route=\/wp\/v2\/media\/2829"}],"wp:attachment":[{"href":"https:\/\/www.attin-mairie.fr\/index.php?rest_route=%2Fwp%2Fv2%2Fmedia&parent=2827"}],"wp:term":[{"taxonomy":"category","embeddable":true,"href":"https:\/\/www.attin-mairie.fr\/index.php?rest_route=%2Fwp%2Fv2%2Fcategories&post=2827"},{"taxonomy":"post_tag","embeddable":true,"href":"https:\/\/www.attin-mairie.fr\/index.php?rest_route=%2Fwp%2Fv2%2Ftags&post=2827"}],"curies":[{"name":"wp","href":"https:\/\/api.w.org\/{rel}","templated":true}]}}