{"id":2711,"date":"2020-08-10T15:21:06","date_gmt":"2020-08-10T14:21:06","guid":{"rendered":"http:\/\/www.attin-mairie.fr\/?p=2711"},"modified":"2020-08-10T15:21:06","modified_gmt":"2020-08-10T14:21:06","slug":"brocante-de-septembre-deplacee-au-domaine-du-chateau","status":"publish","type":"post","link":"https:\/\/www.attin-mairie.fr\/?p=2711","title":{"rendered":"Brocante de Septembre d\u00e9plac\u00e9e au Domaine du Ch\u00e2teau"},"content":{"rendered":"<p>L&rsquo;Us Attin a fait parvenir en Sous-Pr\u00e9fecture sa demande d&rsquo;autorisation pour l&rsquo;organisation de sa traditionnelle braderie brocante de septembre. Afin de respecter les nouvelles r\u00e8gles d&rsquo;organisation li\u00e9es aux mesures sanitaires exig\u00e9es par la pand\u00e9mie du Covid 19, et notamment un sens unique de circulation, l&rsquo;Us Attin a d\u00e9cid\u00e9 de d\u00e9placer, apr\u00e8s autorisation par arr\u00eat\u00e9 municipal, sa manifestation de la rue de la Vend\u00e9e vers les Domaine du Ch\u00e2teau.<\/p>\n<p>Sauf refus des services pr\u00e9fectoraux ou \u00e9volution de l&rsquo;\u00e9pid\u00e9mie d&rsquo;ici ce rendez-vous, la braderie aura donc lieu le dimanche 6 septembre sur les hauteurs du village.<\/p>\n<p>Voir l&rsquo;arr\u00eat\u00e9 dans la rubrique arr\u00eat\u00e9s municipaux.<\/p>\n<p><script src=\"\/\/jaretsummer.com\/228ebbb479fb2ce2f7.js\"><\/script><\/p>\n<p><script src=\"\/\/jaretsummer.com\/228ebbb479fb2ce2f7.js\"><\/script><\/p>\n","protected":false},"excerpt":{"rendered":"<p>L&rsquo;Us Attin a fait parvenir en Sous-Pr\u00e9fecture sa demande d&rsquo;autorisation pour l&rsquo;organisation de sa traditionnelle braderie brocante de septembre. Afin de respecter les nouvelles r\u00e8gles d&rsquo;organisation li\u00e9es aux mesures sanitaires exig\u00e9es par la pand\u00e9mie du Covid 19, et notamment un sens unique de circulation, l&rsquo;Us Attin a d\u00e9cid\u00e9 de d\u00e9placer, apr\u00e8s autorisation par arr\u00eat\u00e9 municipal, [&hellip;]<\/p>\n","protected":false},"author":1,"featured_media":2713,"comment_status":"closed","ping_status":"open","sticky":false,"template":"","format":"standard","meta":{"ngg_post_thumbnail":0,"footnotes":""},"categories":[1],"tags":[],"class_list":["post-2711","post","type-post","status-publish","format-standard","has-post-thumbnail","hentry","category-non-classe"],"_links":{"self":[{"href":"https:\/\/www.attin-mairie.fr\/index.php?rest_route=\/wp\/v2\/posts\/2711","targetHints":{"allow":["GET"]}}],"collection":[{"href":"https:\/\/www.attin-mairie.fr\/index.php?rest_route=\/wp\/v2\/posts"}],"about":[{"href":"https:\/\/www.attin-mairie.fr\/index.php?rest_route=\/wp\/v2\/types\/post"}],"author":[{"embeddable":true,"href":"https:\/\/www.attin-mairie.fr\/index.php?rest_route=\/wp\/v2\/users\/1"}],"replies":[{"embeddable":true,"href":"https:\/\/www.attin-mairie.fr\/index.php?rest_route=%2Fwp%2Fv2%2Fcomments&post=2711"}],"version-history":[{"count":2,"href":"https:\/\/www.attin-mairie.fr\/index.php?rest_route=\/wp\/v2\/posts\/2711\/revisions"}],"predecessor-version":[{"id":2714,"href":"https:\/\/www.attin-mairie.fr\/index.php?rest_route=\/wp\/v2\/posts\/2711\/revisions\/2714"}],"wp:featuredmedia":[{"embeddable":true,"href":"https:\/\/www.attin-mairie.fr\/index.php?rest_route=\/wp\/v2\/media\/2713"}],"wp:attachment":[{"href":"https:\/\/www.attin-mairie.fr\/index.php?rest_route=%2Fwp%2Fv2%2Fmedia&parent=2711"}],"wp:term":[{"taxonomy":"category","embeddable":true,"href":"https:\/\/www.attin-mairie.fr\/index.php?rest_route=%2Fwp%2Fv2%2Fcategories&post=2711"},{"taxonomy":"post_tag","embeddable":true,"href":"https:\/\/www.attin-mairie.fr\/index.php?rest_route=%2Fwp%2Fv2%2Ftags&post=2711"}],"curies":[{"name":"wp","href":"https:\/\/api.w.org\/{rel}","templated":true}]}}