{"id":2409,"date":"2020-01-11T17:29:37","date_gmt":"2020-01-11T16:29:37","guid":{"rendered":"http:\/\/www.attin-mairie.fr\/?p=2409"},"modified":"2020-01-11T17:29:37","modified_gmt":"2020-01-11T16:29:37","slug":"elections-municipales-2020","status":"publish","type":"post","link":"https:\/\/www.attin-mairie.fr\/?p=2409","title":{"rendered":"Elections municipales 2020"},"content":{"rendered":"<p>Les \u00e9lections municipales auront lieu les 15 et 22 mars 2020. De nouvelles dispositions ont vu le jour pour les d\u00e9lais d&rsquo;inscription. La date limite n&rsquo;est plus le 31 d\u00e9cembre de l&rsquo;ann\u00e9e pr\u00e9c\u00e9dant l&rsquo;\u00e9lection mais le 6e vendredi pr\u00e9c\u00e9dant l&rsquo;\u00e9lection au plus tard. Les inscriptions peuvent donc \u00eatre enregistr\u00e9es cette ann\u00e9e jusqu&rsquo;au vendredi 7 f\u00e9vrier au soir. Des dispositions sp\u00e9cifiques cependant existent, comme les jeunes atteignant l&rsquo;\u00e2ge de 18 ans apr\u00e8s le 7 f\u00e9vrier. De m\u00eame, les jeunes nouveaux \u00e9lecteurs ayant atteint la majorit\u00e9 depuis peu sont inscrits d&rsquo;office, sous r\u00e9serve d&rsquo;avoir accompli les formalit\u00e9s de recensement \u00e0 l&rsquo;\u00e2ge de 16 ans.<\/p>\n<p>Pour plus d&rsquo;informations, vous \u00eates invit\u00e9 \u00e0 consulter le lien suivant : <a href=\"https:\/\/www.demarches.interieur.gouv.fr\/particuliers\/listes-electorales-nouvelle-inscription\">https:\/\/www.demarches.interieur.gouv.fr\/particuliers\/listes-electorales-nouvelle-inscription<\/a><\/p>\n<p><img fetchpriority=\"high\" decoding=\"async\" class=\"irc_mi\" src=\"https:\/\/images.caradisiac.com\/logos\/4\/8\/2\/2\/244822\/S0-80-km-h-les-conducteurs-invites-a-renvoyer-leur-carte-d-electeur-pour-protester-166198.jpg\" alt=\"R\u00e9sultat de recherche d'images pour &quot;specimen carte electorale&quot;\" width=\"542\" height=\"305\"><\/p>\n","protected":false},"excerpt":{"rendered":"<p>Les \u00e9lections municipales auront lieu les 15 et 22 mars 2020. De nouvelles dispositions ont vu le jour pour les d\u00e9lais d&rsquo;inscription. La date limite n&rsquo;est plus le 31 d\u00e9cembre de l&rsquo;ann\u00e9e pr\u00e9c\u00e9dant l&rsquo;\u00e9lection mais le 6e vendredi pr\u00e9c\u00e9dant l&rsquo;\u00e9lection au plus tard. Les inscriptions peuvent donc \u00eatre enregistr\u00e9es cette ann\u00e9e jusqu&rsquo;au vendredi 7 f\u00e9vrier [&hellip;]<\/p>\n","protected":false},"author":1,"featured_media":2411,"comment_status":"closed","ping_status":"open","sticky":false,"template":"","format":"standard","meta":{"ngg_post_thumbnail":0,"footnotes":""},"categories":[1],"tags":[],"class_list":["post-2409","post","type-post","status-publish","format-standard","has-post-thumbnail","hentry","category-non-classe"],"_links":{"self":[{"href":"https:\/\/www.attin-mairie.fr\/index.php?rest_route=\/wp\/v2\/posts\/2409","targetHints":{"allow":["GET"]}}],"collection":[{"href":"https:\/\/www.attin-mairie.fr\/index.php?rest_route=\/wp\/v2\/posts"}],"about":[{"href":"https:\/\/www.attin-mairie.fr\/index.php?rest_route=\/wp\/v2\/types\/post"}],"author":[{"embeddable":true,"href":"https:\/\/www.attin-mairie.fr\/index.php?rest_route=\/wp\/v2\/users\/1"}],"replies":[{"embeddable":true,"href":"https:\/\/www.attin-mairie.fr\/index.php?rest_route=%2Fwp%2Fv2%2Fcomments&post=2409"}],"version-history":[{"count":1,"href":"https:\/\/www.attin-mairie.fr\/index.php?rest_route=\/wp\/v2\/posts\/2409\/revisions"}],"predecessor-version":[{"id":2412,"href":"https:\/\/www.attin-mairie.fr\/index.php?rest_route=\/wp\/v2\/posts\/2409\/revisions\/2412"}],"wp:featuredmedia":[{"embeddable":true,"href":"https:\/\/www.attin-mairie.fr\/index.php?rest_route=\/wp\/v2\/media\/2411"}],"wp:attachment":[{"href":"https:\/\/www.attin-mairie.fr\/index.php?rest_route=%2Fwp%2Fv2%2Fmedia&parent=2409"}],"wp:term":[{"taxonomy":"category","embeddable":true,"href":"https:\/\/www.attin-mairie.fr\/index.php?rest_route=%2Fwp%2Fv2%2Fcategories&post=2409"},{"taxonomy":"post_tag","embeddable":true,"href":"https:\/\/www.attin-mairie.fr\/index.php?rest_route=%2Fwp%2Fv2%2Ftags&post=2409"}],"curies":[{"name":"wp","href":"https:\/\/api.w.org\/{rel}","templated":true}]}}