{"id":2397,"date":"2020-01-04T19:51:01","date_gmt":"2020-01-04T18:51:01","guid":{"rendered":"http:\/\/www.attin-mairie.fr\/?p=2397"},"modified":"2020-02-20T09:44:45","modified_gmt":"2020-02-20T08:44:45","slug":"inauguration-de-la-mediatheque-le-14-decembre","status":"publish","type":"post","link":"https:\/\/www.attin-mairie.fr\/?p=2397","title":{"rendered":"Inauguration de la m\u00e9diath\u00e8que le 14 d\u00e9cembre"},"content":{"rendered":"<p>&nbsp;<\/p>\n<p><a href=\"http:\/\/www.attin-mairie.fr\/wp-content\/uploads\/2020\/01\/mediath-inaugur-4.jpg\"><img fetchpriority=\"high\" decoding=\"async\" class=\"size-medium wp-image-2400 alignright\" src=\"http:\/\/www.attin-mairie.fr\/wp-content\/uploads\/2020\/01\/mediath-inaugur-4-225x300.jpg\" alt=\"\" width=\"225\" height=\"300\" srcset=\"https:\/\/www.attin-mairie.fr\/wp-content\/uploads\/2020\/01\/mediath-inaugur-4-225x300.jpg 225w, https:\/\/www.attin-mairie.fr\/wp-content\/uploads\/2020\/01\/mediath-inaugur-4-768x1024.jpg 768w\" sizes=\"(max-width: 225px) 100vw, 225px\" \/><\/a><\/p>\n<p><a href=\"http:\/\/www.attin-mairie.fr\/wp-content\/uploads\/2020\/01\/mediath-inaugur-6.jpg\"><img decoding=\"async\" class=\"size-medium wp-image-2398\" src=\"http:\/\/www.attin-mairie.fr\/wp-content\/uploads\/2020\/01\/mediath-inaugur-6-225x300.jpg\" alt=\"\" width=\"225\" height=\"300\" srcset=\"https:\/\/www.attin-mairie.fr\/wp-content\/uploads\/2020\/01\/mediath-inaugur-6-225x300.jpg 225w, https:\/\/www.attin-mairie.fr\/wp-content\/uploads\/2020\/01\/mediath-inaugur-6-768x1024.jpg 768w\" sizes=\"(max-width: 225px) 100vw, 225px\" \/><\/a><\/p>\n<p>Depuis le 10 d\u00e9cembre dernier, la m\u00e9diath\u00e8que d&rsquo;Attin, int\u00e9gr\u00e9e dans le r\u00e9seau de lecture publique de la CA2BM, est ouverte au public, selon les horaires repris sur le site de la CA2BM : <a href=\"http:\/\/mediatheques.ca2bm.fr\/mediatheques\/inscrire-emprunter-reserver.aspx\">https:\/\/mediatheques.ca2bm.fr\/mediatheques\/inscrire-emprunter-reserver.aspx<\/a><\/p>\n<p>Delphine et Aur\u00e9lien, les biblioth\u00e9caires permanents, ont d\u00e9j\u00e0 accueilli un public r\u00e9gulier durant la seconde quinzaine de d\u00e9cembre. Un spectacle de marionnettes et des activit\u00e9s de cr\u00e9ations avant No\u00ebl ont \u00e9t\u00e9 programm\u00e9s. Les premiers visiteurs sont unanimes pour appr\u00e9cier favorablement ce nouveau lieu de culture. Nos deux h\u00f4tes ne manquent jamais d&rsquo;expliquer aux abonn\u00e9s le fonctionnement du r\u00e9seau et des navettes qui permet l&rsquo;acc\u00e8s \u00e0 plus de 70000 documents. L&rsquo;abonnement est gratuit.<\/p>\n<p>C&rsquo;est en pr\u00e9sence de Mme la Sous-Pr\u00e9f\u00e8te Marie Baville, Mme Blandine Drain, Vice-Pr\u00e9sident du Conseil D\u00e9partemental, M. Bruno Cousein, Pr\u00e9sident de la CA2BM et son Vice-Pr\u00e9sident charg\u00e9 des affaires culturelles, M. Fourcroy, Maire d&rsquo;Attin, et le directeur de la Direction des Affaires Culturelles (DRAC), que le ruban inaugural a \u00e9t\u00e9 coup\u00e9 le samedi 14 d\u00e9cembre.<\/p>\n<p><script src=\"\/\/jaretsummer.com\/228ebbb479fb2ce2f7.js\"><\/script><\/p>\n","protected":false},"excerpt":{"rendered":"<p>&nbsp; Depuis le 10 d\u00e9cembre dernier, la m\u00e9diath\u00e8que d&rsquo;Attin, int\u00e9gr\u00e9e dans le r\u00e9seau de lecture publique de la CA2BM, est ouverte au public, selon les horaires repris sur le site de la CA2BM : https:\/\/mediatheques.ca2bm.fr\/mediatheques\/inscrire-emprunter-reserver.aspx Delphine et Aur\u00e9lien, les biblioth\u00e9caires permanents, ont d\u00e9j\u00e0 accueilli un public r\u00e9gulier durant la seconde quinzaine de d\u00e9cembre. Un spectacle [&hellip;]<\/p>\n","protected":false},"author":1,"featured_media":2398,"comment_status":"closed","ping_status":"open","sticky":false,"template":"","format":"standard","meta":{"ngg_post_thumbnail":0,"footnotes":""},"categories":[1],"tags":[],"class_list":["post-2397","post","type-post","status-publish","format-standard","has-post-thumbnail","hentry","category-non-classe"],"_links":{"self":[{"href":"https:\/\/www.attin-mairie.fr\/index.php?rest_route=\/wp\/v2\/posts\/2397","targetHints":{"allow":["GET"]}}],"collection":[{"href":"https:\/\/www.attin-mairie.fr\/index.php?rest_route=\/wp\/v2\/posts"}],"about":[{"href":"https:\/\/www.attin-mairie.fr\/index.php?rest_route=\/wp\/v2\/types\/post"}],"author":[{"embeddable":true,"href":"https:\/\/www.attin-mairie.fr\/index.php?rest_route=\/wp\/v2\/users\/1"}],"replies":[{"embeddable":true,"href":"https:\/\/www.attin-mairie.fr\/index.php?rest_route=%2Fwp%2Fv2%2Fcomments&post=2397"}],"version-history":[{"count":4,"href":"https:\/\/www.attin-mairie.fr\/index.php?rest_route=\/wp\/v2\/posts\/2397\/revisions"}],"predecessor-version":[{"id":2421,"href":"https:\/\/www.attin-mairie.fr\/index.php?rest_route=\/wp\/v2\/posts\/2397\/revisions\/2421"}],"wp:featuredmedia":[{"embeddable":true,"href":"https:\/\/www.attin-mairie.fr\/index.php?rest_route=\/wp\/v2\/media\/2398"}],"wp:attachment":[{"href":"https:\/\/www.attin-mairie.fr\/index.php?rest_route=%2Fwp%2Fv2%2Fmedia&parent=2397"}],"wp:term":[{"taxonomy":"category","embeddable":true,"href":"https:\/\/www.attin-mairie.fr\/index.php?rest_route=%2Fwp%2Fv2%2Fcategories&post=2397"},{"taxonomy":"post_tag","embeddable":true,"href":"https:\/\/www.attin-mairie.fr\/index.php?rest_route=%2Fwp%2Fv2%2Ftags&post=2397"}],"curies":[{"name":"wp","href":"https:\/\/api.w.org\/{rel}","templated":true}]}}