{"id":1916,"date":"2019-06-26T10:51:33","date_gmt":"2019-06-26T09:51:33","guid":{"rendered":"http:\/\/www.attin-mairie.fr\/?p=1916"},"modified":"2019-11-12T17:14:42","modified_gmt":"2019-11-12T16:14:42","slug":"fonds-daide-aux-jeunes-et-insertion","status":"publish","type":"post","link":"https:\/\/www.attin-mairie.fr\/?p=1916","title":{"rendered":"Fonds d&rsquo;aide aux jeunes et Insertion"},"content":{"rendered":"<p>Le fonds d&rsquo;aide aux jeunes pour l&rsquo;insertion (FAJ) est un dispositif du D\u00e9partement du Pas-de-Calais destin\u00e9 \u00e0 aider les jeunes de 18 \u00e0 25 ans, en mati\u00e8re sociale et d&rsquo;exclusion, mobilit\u00e9, aide \u00e0 l&rsquo;insertion professionnelle.<\/p>\n<p>Voir les infos sur le lien :<\/p>\n<p><a href=\"https:\/\/www.pasdecalais.fr\/Solidarite-Sante\/Lutte-contre-les-exclusions\/Les-dispositifs-de-lutte-contre-les-exclusions\/Le-Fonds-d-Aide-aux-Jeunes-favoriser-l-insertion-des-jeunes\">https:\/\/www.pasdecalais.fr\/Solidarite-Sante\/Lutte-contre-les-exclusions\/Les-dispositifs-de-lutte-contre-les-exclusions\/Le-Fonds-d-Aide-aux-Jeunes-favoriser-l-insertion-des-jeunes<\/a><\/p>\n","protected":false},"excerpt":{"rendered":"<p>Le fonds d&rsquo;aide aux jeunes pour l&rsquo;insertion (FAJ) est un dispositif du D\u00e9partement du Pas-de-Calais destin\u00e9 \u00e0 aider les jeunes de 18 \u00e0 25 ans, en mati\u00e8re sociale et d&rsquo;exclusion, mobilit\u00e9, aide \u00e0 l&rsquo;insertion professionnelle. Voir les infos sur le lien : https:\/\/www.pasdecalais.fr\/Solidarite-Sante\/Lutte-contre-les-exclusions\/Les-dispositifs-de-lutte-contre-les-exclusions\/Le-Fonds-d-Aide-aux-Jeunes-favoriser-l-insertion-des-jeunes<\/p>\n","protected":false},"author":1,"featured_media":1917,"comment_status":"closed","ping_status":"open","sticky":false,"template":"","format":"standard","meta":{"ngg_post_thumbnail":0,"footnotes":""},"categories":[1],"tags":[],"class_list":["post-1916","post","type-post","status-publish","format-standard","has-post-thumbnail","hentry","category-non-classe"],"_links":{"self":[{"href":"https:\/\/www.attin-mairie.fr\/index.php?rest_route=\/wp\/v2\/posts\/1916","targetHints":{"allow":["GET"]}}],"collection":[{"href":"https:\/\/www.attin-mairie.fr\/index.php?rest_route=\/wp\/v2\/posts"}],"about":[{"href":"https:\/\/www.attin-mairie.fr\/index.php?rest_route=\/wp\/v2\/types\/post"}],"author":[{"embeddable":true,"href":"https:\/\/www.attin-mairie.fr\/index.php?rest_route=\/wp\/v2\/users\/1"}],"replies":[{"embeddable":true,"href":"https:\/\/www.attin-mairie.fr\/index.php?rest_route=%2Fwp%2Fv2%2Fcomments&post=1916"}],"version-history":[{"count":3,"href":"https:\/\/www.attin-mairie.fr\/index.php?rest_route=\/wp\/v2\/posts\/1916\/revisions"}],"predecessor-version":[{"id":1992,"href":"https:\/\/www.attin-mairie.fr\/index.php?rest_route=\/wp\/v2\/posts\/1916\/revisions\/1992"}],"wp:featuredmedia":[{"embeddable":true,"href":"https:\/\/www.attin-mairie.fr\/index.php?rest_route=\/wp\/v2\/media\/1917"}],"wp:attachment":[{"href":"https:\/\/www.attin-mairie.fr\/index.php?rest_route=%2Fwp%2Fv2%2Fmedia&parent=1916"}],"wp:term":[{"taxonomy":"category","embeddable":true,"href":"https:\/\/www.attin-mairie.fr\/index.php?rest_route=%2Fwp%2Fv2%2Fcategories&post=1916"},{"taxonomy":"post_tag","embeddable":true,"href":"https:\/\/www.attin-mairie.fr\/index.php?rest_route=%2Fwp%2Fv2%2Ftags&post=1916"}],"curies":[{"name":"wp","href":"https:\/\/api.w.org\/{rel}","templated":true}]}}